{"id":233540,"date":"2021-05-08T12:38:23","date_gmt":"2021-05-08T09:38:23","guid":{"rendered":"http:\/\/107.6.182.27\/tr\/?p=233540"},"modified":"2021-05-09T08:09:35","modified_gmt":"2021-05-09T05:09:35","slug":"deyrezzor-kirsalinda-dsg-milislerinin-lideri-olduruldu-2","status":"publish","type":"post","link":"https:\/\/archive.sana.sy\/tr\/?p=233540","title":{"rendered":"Deyrezzor K\u0131rsal\u0131nda DSG Milislerinin Lideri \u00d6ld\u00fcr\u00fcld\u00fc"},"content":{"rendered":"<p>DEYREZZOR \u2013 Amerikan i\u015fgal g\u00fc\u00e7lerine ba\u011fl\u0131 \u201cDSG\u201d milislerinin lideri, Deyrezzor k\u0131rsal\u0131n\u0131n do\u011fusunda yer alan el Zubiyan beldesinde vurularak \u00f6ld\u00fcr\u00fcld\u00fc.<\/p>\n<p>Yerel kaynaklar SANA\u2019ya, Deyrezzor k\u0131rsal\u0131n\u0131n do\u011fusunda yer alan el Zubiyan beldesinde \u201cDSG\u201d milislerinin liderinin otomatik silahlarla vurularak \u00f6ld\u00fcr\u00fcld\u00fc\u011f\u00fcn\u00fc belirtti.<\/p>\n<p>\u00c7eviri: M.Y<\/p>\n","protected":false},"excerpt":{"rendered":"<p>DEYREZZOR \u2013 Amerikan i\u015fgal g\u00fc\u00e7lerine ba\u011fl\u0131 \u201cDSG\u201d milislerinin lideri, Deyrezzor k\u0131rsal\u0131n\u0131n do\u011fusunda yer alan el Zubiyan beldesinde vurularak \u00f6ld\u00fcr\u00fcld\u00fc. Yerel kaynaklar SANA\u2019ya, Deyrezzor k\u0131rsal\u0131n\u0131n do\u011fusunda yer alan el Zubiyan beldesinde \u201cDSG\u201d milislerinin liderinin otomatik silahlarla vurularak \u00f6ld\u00fcr\u00fcld\u00fc\u011f\u00fcn\u00fc belirtti. \u00c7eviri: M.Y<\/p>\n","protected":false},"author":36,"featured_media":233541,"comment_status":"closed","ping_status":"closed","sticky":false,"template":"","format":"standard","meta":{"footnotes":""},"categories":[479,575,17988,478],"tags":[],"class_list":["post-233540","post","type-post","status-publish","format-standard","has-post-thumbnail","","category-haberler-yerel","category-olaylar-ve-gercekler","category-son-haberler","category-yerel"],"_links":{"self":[{"href":"https:\/\/archive.sana.sy\/tr\/index.php?rest_route=\/wp\/v2\/posts\/233540","targetHints":{"allow":["GET"]}}],"collection":[{"href":"https:\/\/archive.sana.sy\/tr\/index.php?rest_route=\/wp\/v2\/posts"}],"about":[{"href":"https:\/\/archive.sana.sy\/tr\/index.php?rest_route=\/wp\/v2\/types\/post"}],"author":[{"embeddable":true,"href":"https:\/\/archive.sana.sy\/tr\/index.php?rest_route=\/wp\/v2\/users\/36"}],"replies":[{"embeddable":true,"href":"https:\/\/archive.sana.sy\/tr\/index.php?rest_route=%2Fwp%2Fv2%2Fcomments&post=233540"}],"version-history":[{"count":0,"href":"https:\/\/archive.sana.sy\/tr\/index.php?rest_route=\/wp\/v2\/posts\/233540\/revisions"}],"wp:featuredmedia":[{"embeddable":true,"href":"https:\/\/archive.sana.sy\/tr\/index.php?rest_route=\/wp\/v2\/media\/233541"}],"wp:attachment":[{"href":"https:\/\/archive.sana.sy\/tr\/index.php?rest_route=%2Fwp%2Fv2%2Fmedia&parent=233540"}],"wp:term":[{"taxonomy":"category","embeddable":true,"href":"https:\/\/archive.sana.sy\/tr\/index.php?rest_route=%2Fwp%2Fv2%2Fcategories&post=233540"},{"taxonomy":"post_tag","embeddable":true,"href":"https:\/\/archive.sana.sy\/tr\/index.php?rest_route=%2Fwp%2Fv2%2Ftags&post=233540"}],"curies":[{"name":"wp","href":"https:\/\/api.w.org\/{rel}","templated":true}]}}