{"id":233543,"date":"2021-05-08T13:10:36","date_gmt":"2021-05-08T10:10:36","guid":{"rendered":"http:\/\/107.6.182.27\/tr\/?p=233543"},"modified":"2021-05-09T08:09:41","modified_gmt":"2021-05-09T05:09:41","slug":"sam-kirsalinda-bir-mayin-patladi-1-genc-sehit-dustu-2","status":"publish","type":"post","link":"https:\/\/archive.sana.sy\/tr\/?p=233543","title":{"rendered":"\u015eam K\u0131rsal\u0131nda Bir May\u0131n Patlad\u0131, 1 Gen\u00e7 \u015eehit D\u00fc\u015ft\u00fc"},"content":{"rendered":"<p>\u015eAM KIRSALI \u2013 \u015eam k\u0131rsal\u0131nda yer alan Ne\u015f\u015fabiye b\u00f6lgesinde, ter\u00f6r gruplar\u0131ndan kalan bir may\u0131n\u0131n patlamas\u0131 sonucunda 1 gen\u00e7 \u015fehit d\u00fc\u015ft\u00fc.<\/p>\n<p>\u0130l Emniyet M\u00fcd\u00fcrl\u00fc\u011f\u00fcnden bir kaynak SANA muhabirine yapt\u0131\u011f\u0131 a\u00e7\u0131klamada, 22 ya\u015f\u0131nda bir gencin, Do\u011fu Guta\u2019da yer alan Ne\u015f\u015fabiye b\u00f6lgesindeki Harasta El-Kantara k\u00f6y\u00fcn\u00fcn \u00e7iftliklerinde koyun s\u00fcr\u00fcs\u00fcne bakarken ter\u00f6r gruplar\u0131ndan kalan bir may\u0131n\u0131n patlamas\u0131 sonucunda a\u011f\u0131r yaraland\u0131\u011f\u0131n\u0131 belirtirken, \u200bhastaneye kald\u0131r\u0131ld\u0131ktan k\u0131sa bir s\u00fcre sonra \u015fehit d\u00fc\u015ft\u00fc\u011f\u00fcne i\u015faret etti.<\/p>\n<p>\u00c7eviri: M.Y<\/p>\n","protected":false},"excerpt":{"rendered":"<p>\u015eAM KIRSALI \u2013 \u015eam k\u0131rsal\u0131nda yer alan Ne\u015f\u015fabiye b\u00f6lgesinde, ter\u00f6r gruplar\u0131ndan kalan bir may\u0131n\u0131n patlamas\u0131 sonucunda 1 gen\u00e7 \u015fehit d\u00fc\u015ft\u00fc. \u0130l Emniyet M\u00fcd\u00fcrl\u00fc\u011f\u00fcnden bir kaynak SANA muhabirine yapt\u0131\u011f\u0131 a\u00e7\u0131klamada, 22 ya\u015f\u0131nda bir gencin, Do\u011fu Guta\u2019da yer alan Ne\u015f\u015fabiye b\u00f6lgesindeki Harasta El-Kantara k\u00f6y\u00fcn\u00fcn \u00e7iftliklerinde koyun s\u00fcr\u00fcs\u00fcne bakarken ter\u00f6r gruplar\u0131ndan kalan bir may\u0131n\u0131n patlamas\u0131 sonucunda a\u011f\u0131r yaraland\u0131\u011f\u0131n\u0131 &hellip;<\/p>\n","protected":false},"author":36,"featured_media":233544,"comment_status":"closed","ping_status":"closed","sticky":false,"template":"","format":"standard","meta":{"footnotes":""},"categories":[479,575,17988,478],"tags":[],"class_list":["post-233543","post","type-post","status-publish","format-standard","has-post-thumbnail","","category-haberler-yerel","category-olaylar-ve-gercekler","category-son-haberler","category-yerel"],"_links":{"self":[{"href":"https:\/\/archive.sana.sy\/tr\/index.php?rest_route=\/wp\/v2\/posts\/233543","targetHints":{"allow":["GET"]}}],"collection":[{"href":"https:\/\/archive.sana.sy\/tr\/index.php?rest_route=\/wp\/v2\/posts"}],"about":[{"href":"https:\/\/archive.sana.sy\/tr\/index.php?rest_route=\/wp\/v2\/types\/post"}],"author":[{"embeddable":true,"href":"https:\/\/archive.sana.sy\/tr\/index.php?rest_route=\/wp\/v2\/users\/36"}],"replies":[{"embeddable":true,"href":"https:\/\/archive.sana.sy\/tr\/index.php?rest_route=%2Fwp%2Fv2%2Fcomments&post=233543"}],"version-history":[{"count":0,"href":"https:\/\/archive.sana.sy\/tr\/index.php?rest_route=\/wp\/v2\/posts\/233543\/revisions"}],"wp:featuredmedia":[{"embeddable":true,"href":"https:\/\/archive.sana.sy\/tr\/index.php?rest_route=\/wp\/v2\/media\/233544"}],"wp:attachment":[{"href":"https:\/\/archive.sana.sy\/tr\/index.php?rest_route=%2Fwp%2Fv2%2Fmedia&parent=233543"}],"wp:term":[{"taxonomy":"category","embeddable":true,"href":"https:\/\/archive.sana.sy\/tr\/index.php?rest_route=%2Fwp%2Fv2%2Fcategories&post=233543"},{"taxonomy":"post_tag","embeddable":true,"href":"https:\/\/archive.sana.sy\/tr\/index.php?rest_route=%2Fwp%2Fv2%2Ftags&post=233543"}],"curies":[{"name":"wp","href":"https:\/\/api.w.org\/{rel}","templated":true}]}}