{"id":233635,"date":"2021-05-10T14:25:39","date_gmt":"2021-05-10T11:25:39","guid":{"rendered":"http:\/\/107.6.182.27\/tr\/?p=233635"},"modified":"2021-05-11T14:03:10","modified_gmt":"2021-05-11T11:03:10","slug":"isgalci-amerika-suriye-topraklarindan-kuzey-iraka-calinti-petrol-ve-bugday-yuklu-88-tir-ve-petrol-tanki-cikardi","status":"publish","type":"post","link":"https:\/\/archive.sana.sy\/tr\/?p=233635","title":{"rendered":"\u0130\u015fgalci Amerika, Suriye Topraklar\u0131ndan Kuzey Irak&#8217;a \u00c7al\u0131nt\u0131 Petrol Ve Bu\u011fday Y\u00fckl\u00fc 88 TIR Ve Petrol Tank\u0131 \u00c7\u0131kard\u0131"},"content":{"rendered":"<p style=\"text-align: justify;\">HASEKE &#8211; Amerikan i\u015fgal g\u00fc\u00e7leri, Haseke k\u0131rsal\u0131ndan petrol ve \u00e7al\u0131nt\u0131 tah\u0131l y\u00fckl\u00fc ara\u00e7 konvoyunu yasad\u0131\u015f\u0131 El Velid ge\u00e7i\u015fi yoluyla Kuzey Irak&#8217;a ta\u015f\u0131d\u0131klar\u0131 Suriye&#8217;nin el Cezire b\u00f6lgesinde i\u015fgal ettikleri b\u00f6lgelerde Suriye&#8217;nin zenginli\u011fini ve tar\u0131m \u00fcr\u00fcnlerini \u00e7almaya devam ediyor.<\/p>\n<p style=\"text-align: justify;\">El Yarubiye&#8217;den yerel kaynaklar SANA&#8217;ya \u015funlar\u0131 s\u00f6yledi: &#8220;D\u00f6rt \u00e7eker ara\u00e7lar\u0131n e\u015flik etti\u011fi kapal\u0131 kamyonlar, petrol tanklar\u0131 ve birka\u00e7 Thermo King ve tankerden olu\u015fan 45 ara\u00e7l\u0131k bir konvoyun bu sabah saat 06:30 sular\u0131nda Suriye topraklar\u0131ndan Irak topraklar\u0131na do\u011fru terk etti\u011fini&#8221; s\u00f6yledi.<\/p>\n<p style=\"text-align: justify;\">El Suveydiyye k\u00f6y\u00fcnden kaynaklar, Tel Alo silolar\u0131ndan 43 kamyon dolusu bu\u011fday\u0131n, yasad\u0131\u015f\u0131 El Velid ge\u00e7i\u015fi \u00fczerinden Irak topraklar\u0131na do\u011fru yola \u00e7\u0131kt\u0131\u011f\u0131na i\u015faret etti.<\/p>\n<p>S.\u015e.<\/p>\n","protected":false},"excerpt":{"rendered":"<p>HASEKE &#8211; Amerikan i\u015fgal g\u00fc\u00e7leri, Haseke k\u0131rsal\u0131ndan petrol ve \u00e7al\u0131nt\u0131 tah\u0131l y\u00fckl\u00fc ara\u00e7 konvoyunu yasad\u0131\u015f\u0131 El Velid ge\u00e7i\u015fi yoluyla Kuzey Irak&#8217;a ta\u015f\u0131d\u0131klar\u0131 Suriye&#8217;nin el Cezire b\u00f6lgesinde i\u015fgal ettikleri b\u00f6lgelerde Suriye&#8217;nin zenginli\u011fini ve tar\u0131m \u00fcr\u00fcnlerini \u00e7almaya devam ediyor. El Yarubiye&#8217;den yerel kaynaklar SANA&#8217;ya \u015funlar\u0131 s\u00f6yledi: &#8220;D\u00f6rt \u00e7eker ara\u00e7lar\u0131n e\u015flik etti\u011fi kapal\u0131 kamyonlar, petrol tanklar\u0131 ve birka\u00e7 &hellip;<\/p>\n","protected":false},"author":1,"featured_media":233637,"comment_status":"closed","ping_status":"closed","sticky":false,"template":"","format":"standard","meta":{"footnotes":""},"categories":[479,575,17988,478],"tags":[],"class_list":["post-233635","post","type-post","status-publish","format-standard","has-post-thumbnail","","category-haberler-yerel","category-olaylar-ve-gercekler","category-son-haberler","category-yerel"],"_links":{"self":[{"href":"https:\/\/archive.sana.sy\/tr\/index.php?rest_route=\/wp\/v2\/posts\/233635","targetHints":{"allow":["GET"]}}],"collection":[{"href":"https:\/\/archive.sana.sy\/tr\/index.php?rest_route=\/wp\/v2\/posts"}],"about":[{"href":"https:\/\/archive.sana.sy\/tr\/index.php?rest_route=\/wp\/v2\/types\/post"}],"author":[{"embeddable":true,"href":"https:\/\/archive.sana.sy\/tr\/index.php?rest_route=\/wp\/v2\/users\/1"}],"replies":[{"embeddable":true,"href":"https:\/\/archive.sana.sy\/tr\/index.php?rest_route=%2Fwp%2Fv2%2Fcomments&post=233635"}],"version-history":[{"count":0,"href":"https:\/\/archive.sana.sy\/tr\/index.php?rest_route=\/wp\/v2\/posts\/233635\/revisions"}],"wp:featuredmedia":[{"embeddable":true,"href":"https:\/\/archive.sana.sy\/tr\/index.php?rest_route=\/wp\/v2\/media\/233637"}],"wp:attachment":[{"href":"https:\/\/archive.sana.sy\/tr\/index.php?rest_route=%2Fwp%2Fv2%2Fmedia&parent=233635"}],"wp:term":[{"taxonomy":"category","embeddable":true,"href":"https:\/\/archive.sana.sy\/tr\/index.php?rest_route=%2Fwp%2Fv2%2Fcategories&post=233635"},{"taxonomy":"post_tag","embeddable":true,"href":"https:\/\/archive.sana.sy\/tr\/index.php?rest_route=%2Fwp%2Fv2%2Ftags&post=233635"}],"curies":[{"name":"wp","href":"https:\/\/api.w.org\/{rel}","templated":true}]}}