{"id":233694,"date":"2021-05-11T13:46:01","date_gmt":"2021-05-11T10:46:01","guid":{"rendered":"http:\/\/107.6.182.27\/tr\/?p=233694"},"modified":"2021-05-12T08:09:30","modified_gmt":"2021-05-12T05:09:30","slug":"233694","status":"publish","type":"post","link":"https:\/\/archive.sana.sy\/tr\/?p=233694","title":{"rendered":"T\u00fcrk \u0130\u015fgalinin Kiral\u0131klar\u0131 Afrin K\u0131rsal\u0131ndaki K\u00f6ylere Sald\u0131rd\u0131"},"content":{"rendered":"<p>HALEP \u2013 T\u00fcrk i\u015fgali ve ter\u00f6r \u00f6rg\u00fctlerinden olu\u015fan kiral\u0131klar\u0131 Halep k\u0131rsal\u0131n\u0131n kuzeyindeki sivil yerle\u015fim alanlar\u0131na y\u00f6nelik sald\u0131r\u0131lar\u0131na devam edip vatanda\u015flara ait m\u00fclkleri hedef ald\u0131.<\/p>\n<p>Yerel kaynaklar SANA muhabirine, T\u00fcrk i\u015fgaline tabi kiral\u0131klar\u0131n\u0131n bug\u00fcn sabah saatlerinde i\u015fgal alt\u0131ndaki Afrin kenti ve g\u00fcneyindeki alanlardan kentin k\u0131rsal\u0131ndaki b\u00f6lgeleri bombard\u0131man ile hedef ald\u0131klar\u0131n\u0131 belirtti.<\/p>\n<p>Kaynaklar, birka\u00e7 merminin Afrin k\u0131rsal\u0131ndaki Ayn Dekne k\u00f6y\u00fcnde d\u00fc\u015ft\u00fc\u011f\u00fcn\u00fc ve bunun sonucunda ahalilere ait m\u00fclklerde b\u00fcy\u00fck maddi hasarlara yol a\u00e7\u0131ld\u0131\u011f\u0131na i\u015faret etti.<\/p>\n<p>P.M.<\/p>\n","protected":false},"excerpt":{"rendered":"<p>HALEP \u2013 T\u00fcrk i\u015fgali ve ter\u00f6r \u00f6rg\u00fctlerinden olu\u015fan kiral\u0131klar\u0131 Halep k\u0131rsal\u0131n\u0131n kuzeyindeki sivil yerle\u015fim alanlar\u0131na y\u00f6nelik sald\u0131r\u0131lar\u0131na devam edip vatanda\u015flara ait m\u00fclkleri hedef ald\u0131. Yerel kaynaklar SANA muhabirine, T\u00fcrk i\u015fgaline tabi kiral\u0131klar\u0131n\u0131n bug\u00fcn sabah saatlerinde i\u015fgal alt\u0131ndaki Afrin kenti ve g\u00fcneyindeki alanlardan kentin k\u0131rsal\u0131ndaki b\u00f6lgeleri bombard\u0131man ile hedef ald\u0131klar\u0131n\u0131 belirtti. Kaynaklar, birka\u00e7 merminin Afrin k\u0131rsal\u0131ndaki &hellip;<\/p>\n","protected":false},"author":1,"featured_media":233698,"comment_status":"closed","ping_status":"closed","sticky":false,"template":"","format":"standard","meta":{"footnotes":""},"categories":[479,575,17988,2554,2555,478],"tags":[],"class_list":["post-233694","post","type-post","status-publish","format-standard","has-post-thumbnail","","category-haberler-yerel","category-olaylar-ve-gercekler","category-son-haberler","category-suriye-ve-dunya","category-suriye-ve-turkiye","category-yerel"],"_links":{"self":[{"href":"https:\/\/archive.sana.sy\/tr\/index.php?rest_route=\/wp\/v2\/posts\/233694","targetHints":{"allow":["GET"]}}],"collection":[{"href":"https:\/\/archive.sana.sy\/tr\/index.php?rest_route=\/wp\/v2\/posts"}],"about":[{"href":"https:\/\/archive.sana.sy\/tr\/index.php?rest_route=\/wp\/v2\/types\/post"}],"author":[{"embeddable":true,"href":"https:\/\/archive.sana.sy\/tr\/index.php?rest_route=\/wp\/v2\/users\/1"}],"replies":[{"embeddable":true,"href":"https:\/\/archive.sana.sy\/tr\/index.php?rest_route=%2Fwp%2Fv2%2Fcomments&post=233694"}],"version-history":[{"count":0,"href":"https:\/\/archive.sana.sy\/tr\/index.php?rest_route=\/wp\/v2\/posts\/233694\/revisions"}],"wp:featuredmedia":[{"embeddable":true,"href":"https:\/\/archive.sana.sy\/tr\/index.php?rest_route=\/wp\/v2\/media\/233698"}],"wp:attachment":[{"href":"https:\/\/archive.sana.sy\/tr\/index.php?rest_route=%2Fwp%2Fv2%2Fmedia&parent=233694"}],"wp:term":[{"taxonomy":"category","embeddable":true,"href":"https:\/\/archive.sana.sy\/tr\/index.php?rest_route=%2Fwp%2Fv2%2Fcategories&post=233694"},{"taxonomy":"post_tag","embeddable":true,"href":"https:\/\/archive.sana.sy\/tr\/index.php?rest_route=%2Fwp%2Fv2%2Ftags&post=233694"}],"curies":[{"name":"wp","href":"https:\/\/api.w.org\/{rel}","templated":true}]}}