{"id":233711,"date":"2021-05-11T12:05:34","date_gmt":"2021-05-11T09:05:34","guid":{"rendered":"http:\/\/107.6.182.27\/tr\/?p=233711"},"modified":"2021-05-12T08:09:22","modified_gmt":"2021-05-12T05:09:22","slug":"suriye-takimi-rusyadaki-mendeleev-olimyatinda-bronz-madalya-kazandi","status":"publish","type":"post","link":"https:\/\/archive.sana.sy\/tr\/?p=233711","title":{"rendered":"Suriye Tak\u0131m\u0131, Rusya&#8217;daki Mendeleev Olimyat\u0131&#8217;nda Bronz Madalya Kazand\u0131"},"content":{"rendered":"<p>\u015eAM \u2013 Rusya&#8217;n\u0131n 22-23 Nisan tarihlerinde uzaktan d\u00fczenledi\u011fi ve 31 \u00fclkeden \u00f6\u011frencinin kat\u0131ld\u0131\u011f\u0131 2021 Mendeleev Uluslararas\u0131 Kimya Olimpiyat\u0131&#8217;nda Suriye, bronz madalya kazand\u0131.<\/p>\n<p>M\u00fckemmellik ve Yarat\u0131c\u0131l\u0131k Kurumu yay\u0131nlad\u0131\u011f\u0131 beyanda, bronz madalya kazanan \u00f6\u011frenci Maha Ali&#8217;nin Tartus \u0130li el Bassel \u00dcst\u00fcn \u00d6\u011frenciler Lisesi&#8217;nden oldu\u011funu ve Olimpiyat yar\u0131\u015fmas\u0131na kat\u0131lan Suriyeli tak\u0131mlar aras\u0131nda yer ald\u0131\u011f\u0131n\u0131 belirtti.<\/p>\n<p>2021 Mendeleev Uluslararas\u0131 Kimya Olimpiyat\u0131&#8217;n\u0131n ilk turunun testleri ge\u00e7en Nisan ay\u0131n\u0131n 22&#8217;sinde ba\u015flat\u0131ld\u0131 ve her biri be\u015f saatlik bilimsel testleri i\u00e7erdi.<\/p>\n<p>P.M.<\/p>\n","protected":false},"excerpt":{"rendered":"<p>\u015eAM \u2013 Rusya&#8217;n\u0131n 22-23 Nisan tarihlerinde uzaktan d\u00fczenledi\u011fi ve 31 \u00fclkeden \u00f6\u011frencinin kat\u0131ld\u0131\u011f\u0131 2021 Mendeleev Uluslararas\u0131 Kimya Olimpiyat\u0131&#8217;nda Suriye, bronz madalya kazand\u0131. M\u00fckemmellik ve Yarat\u0131c\u0131l\u0131k Kurumu yay\u0131nlad\u0131\u011f\u0131 beyanda, bronz madalya kazanan \u00f6\u011frenci Maha Ali&#8217;nin Tartus \u0130li el Bassel \u00dcst\u00fcn \u00d6\u011frenciler Lisesi&#8217;nden oldu\u011funu ve Olimpiyat yar\u0131\u015fmas\u0131na kat\u0131lan Suriyeli tak\u0131mlar aras\u0131nda yer ald\u0131\u011f\u0131n\u0131 belirtti. 2021 Mendeleev Uluslararas\u0131 &hellip;<\/p>\n","protected":false},"author":1,"featured_media":233713,"comment_status":"closed","ping_status":"closed","sticky":false,"template":"","format":"standard","meta":{"footnotes":""},"categories":[479,516,511,17988,478],"tags":[],"class_list":["post-233711","post","type-post","status-publish","format-standard","has-post-thumbnail","","category-haberler-yerel","category-haberler-kultur-ve-sanat","category-kultur-ve-sanat","category-son-haberler","category-yerel"],"_links":{"self":[{"href":"https:\/\/archive.sana.sy\/tr\/index.php?rest_route=\/wp\/v2\/posts\/233711","targetHints":{"allow":["GET"]}}],"collection":[{"href":"https:\/\/archive.sana.sy\/tr\/index.php?rest_route=\/wp\/v2\/posts"}],"about":[{"href":"https:\/\/archive.sana.sy\/tr\/index.php?rest_route=\/wp\/v2\/types\/post"}],"author":[{"embeddable":true,"href":"https:\/\/archive.sana.sy\/tr\/index.php?rest_route=\/wp\/v2\/users\/1"}],"replies":[{"embeddable":true,"href":"https:\/\/archive.sana.sy\/tr\/index.php?rest_route=%2Fwp%2Fv2%2Fcomments&post=233711"}],"version-history":[{"count":0,"href":"https:\/\/archive.sana.sy\/tr\/index.php?rest_route=\/wp\/v2\/posts\/233711\/revisions"}],"wp:featuredmedia":[{"embeddable":true,"href":"https:\/\/archive.sana.sy\/tr\/index.php?rest_route=\/wp\/v2\/media\/233713"}],"wp:attachment":[{"href":"https:\/\/archive.sana.sy\/tr\/index.php?rest_route=%2Fwp%2Fv2%2Fmedia&parent=233711"}],"wp:term":[{"taxonomy":"category","embeddable":true,"href":"https:\/\/archive.sana.sy\/tr\/index.php?rest_route=%2Fwp%2Fv2%2Fcategories&post=233711"},{"taxonomy":"post_tag","embeddable":true,"href":"https:\/\/archive.sana.sy\/tr\/index.php?rest_route=%2Fwp%2Fv2%2Ftags&post=233711"}],"curies":[{"name":"wp","href":"https:\/\/api.w.org\/{rel}","templated":true}]}}