{"id":233729,"date":"2021-05-12T08:21:14","date_gmt":"2021-05-12T05:21:14","guid":{"rendered":"http:\/\/107.6.182.27\/tr\/?p=233729"},"modified":"2021-05-13T08:04:28","modified_gmt":"2021-05-13T05:04:28","slug":"dsg-milisleri-deyrezzor-kirsalindan-birkac-sivili-kacirdi-2","status":"publish","type":"post","link":"https:\/\/archive.sana.sy\/tr\/?p=233729","title":{"rendered":"DSG Milisleri, Deyrezzor K\u0131rsal\u0131ndan Birka\u00e7 Sivili Ka\u00e7\u0131rd\u0131"},"content":{"rendered":"<p>DEYREZZOR \u2013 Amerikan i\u015fgal g\u00fc\u00e7lerinden desteklenen DSG milisleri, Deyrezzor k\u0131rsal\u0131nda yer alan el \u015eehil beldesine bask\u0131n d\u00fczenleyip birka\u00e7 sivili ka\u00e7\u0131rd\u0131.<\/p>\n<p>Yerel kaynaklar SANA nuhabirine yapt\u0131\u011f\u0131 a\u00e7\u0131klamada, &#8220;DSG&#8221; milislerinden silahl\u0131 gruplar\u0131n, Deyrezzor k\u0131rsal\u0131n\u0131n do\u011fusunda yer alan el \u015eehil beldesindeki vatanda\u015flar\u0131n evlerine bask\u0131n d\u00fczenledi\u011fini belirtirken, 9 sivili ka\u00e7\u0131r\u0131p bilinmeyen bir yere g\u00f6t\u00fcrd\u00fc\u011f\u00fcne i\u015faret etti.<\/p>\n<p>\u00c7eviri: M.Y<\/p>\n","protected":false},"excerpt":{"rendered":"<p>DEYREZZOR \u2013 Amerikan i\u015fgal g\u00fc\u00e7lerinden desteklenen DSG milisleri, Deyrezzor k\u0131rsal\u0131nda yer alan el \u015eehil beldesine bask\u0131n d\u00fczenleyip birka\u00e7 sivili ka\u00e7\u0131rd\u0131. Yerel kaynaklar SANA nuhabirine yapt\u0131\u011f\u0131 a\u00e7\u0131klamada, &#8220;DSG&#8221; milislerinden silahl\u0131 gruplar\u0131n, Deyrezzor k\u0131rsal\u0131n\u0131n do\u011fusunda yer alan el \u015eehil beldesindeki vatanda\u015flar\u0131n evlerine bask\u0131n d\u00fczenledi\u011fini belirtirken, 9 sivili ka\u00e7\u0131r\u0131p bilinmeyen bir yere g\u00f6t\u00fcrd\u00fc\u011f\u00fcne i\u015faret etti. \u00c7eviri: M.Y<\/p>\n","protected":false},"author":36,"featured_media":233730,"comment_status":"closed","ping_status":"closed","sticky":false,"template":"","format":"standard","meta":{"footnotes":""},"categories":[479,575,17988,478],"tags":[],"class_list":["post-233729","post","type-post","status-publish","format-standard","has-post-thumbnail","","category-haberler-yerel","category-olaylar-ve-gercekler","category-son-haberler","category-yerel"],"_links":{"self":[{"href":"https:\/\/archive.sana.sy\/tr\/index.php?rest_route=\/wp\/v2\/posts\/233729","targetHints":{"allow":["GET"]}}],"collection":[{"href":"https:\/\/archive.sana.sy\/tr\/index.php?rest_route=\/wp\/v2\/posts"}],"about":[{"href":"https:\/\/archive.sana.sy\/tr\/index.php?rest_route=\/wp\/v2\/types\/post"}],"author":[{"embeddable":true,"href":"https:\/\/archive.sana.sy\/tr\/index.php?rest_route=\/wp\/v2\/users\/36"}],"replies":[{"embeddable":true,"href":"https:\/\/archive.sana.sy\/tr\/index.php?rest_route=%2Fwp%2Fv2%2Fcomments&post=233729"}],"version-history":[{"count":0,"href":"https:\/\/archive.sana.sy\/tr\/index.php?rest_route=\/wp\/v2\/posts\/233729\/revisions"}],"wp:featuredmedia":[{"embeddable":true,"href":"https:\/\/archive.sana.sy\/tr\/index.php?rest_route=\/wp\/v2\/media\/233730"}],"wp:attachment":[{"href":"https:\/\/archive.sana.sy\/tr\/index.php?rest_route=%2Fwp%2Fv2%2Fmedia&parent=233729"}],"wp:term":[{"taxonomy":"category","embeddable":true,"href":"https:\/\/archive.sana.sy\/tr\/index.php?rest_route=%2Fwp%2Fv2%2Fcategories&post=233729"},{"taxonomy":"post_tag","embeddable":true,"href":"https:\/\/archive.sana.sy\/tr\/index.php?rest_route=%2Fwp%2Fv2%2Ftags&post=233729"}],"curies":[{"name":"wp","href":"https:\/\/api.w.org\/{rel}","templated":true}]}}