{"id":233847,"date":"2021-05-12T12:28:22","date_gmt":"2021-05-12T09:28:22","guid":{"rendered":"http:\/\/107.6.182.27\/tr\/?p=233847"},"modified":"2021-05-13T08:04:43","modified_gmt":"2021-05-13T05:04:43","slug":"dsg-milislerinin-gencleri-kacirmalari-ve-ahaliye-baskilari-protesto-edildi","status":"publish","type":"post","link":"https:\/\/archive.sana.sy\/tr\/?p=233847","title":{"rendered":"DSG Milislerinin Gen\u00e7leri Ka\u00e7\u0131rmalar\u0131 Ve Ahaliye Bask\u0131lar\u0131 Protesto Edildi"},"content":{"rendered":"<p>HASEKE &#8211; Haseke k\u0131rsal\u0131n\u0131n g\u00fcneyinde yer alan Ajaja k\u00f6y\u00fc ahalisi, Amerikan i\u015fgal g\u00fc\u00e7leri taraf\u0131ndan desteklene &#8220;DSG&#8221; milislerinin uygulamalar\u0131na kar\u015f\u0131 protesto g\u00f6sterisi d\u00fczenledi.<\/p>\n<p>Yerel kaynaklar SANA muhabirine yapt\u0131\u011f\u0131 a\u00e7\u0131klamada, el \u015eeddadi b\u00f6lgesinde yer alan El Ari\u015fe nahiyesine ba\u011fl\u0131 Ajaja k\u00f6y\u00fcn\u00fcn onlarca sakininin, k\u00f6yden 10 gencin &#8220;DSG&#8221; milisleri taraf\u0131ndan ka\u00e7\u0131r\u0131lmas\u0131n\u0131 k\u0131nayan protesto g\u00f6sterisi d\u00fczenledi\u011fini belirtti.<\/p>\n<p>Kaynaklar, protestocular\u0131n Haseke-El-\u015eeddadi yolunu yanan lastiklerle kestiklerini ve &#8220;DSG&#8221; militanlar\u0131n\u0131n sivillere kar\u015f\u0131 i\u015fledikleri su\u00e7lara son verilmesini talep ettiklerini belirtti.<\/p>\n<p>\u00c7eviri: M.Y<\/p>\n","protected":false},"excerpt":{"rendered":"<p>HASEKE &#8211; Haseke k\u0131rsal\u0131n\u0131n g\u00fcneyinde yer alan Ajaja k\u00f6y\u00fc ahalisi, Amerikan i\u015fgal g\u00fc\u00e7leri taraf\u0131ndan desteklene &#8220;DSG&#8221; milislerinin uygulamalar\u0131na kar\u015f\u0131 protesto g\u00f6sterisi d\u00fczenledi. Yerel kaynaklar SANA muhabirine yapt\u0131\u011f\u0131 a\u00e7\u0131klamada, el \u015eeddadi b\u00f6lgesinde yer alan El Ari\u015fe nahiyesine ba\u011fl\u0131 Ajaja k\u00f6y\u00fcn\u00fcn onlarca sakininin, k\u00f6yden 10 gencin &#8220;DSG&#8221; milisleri taraf\u0131ndan ka\u00e7\u0131r\u0131lmas\u0131n\u0131 k\u0131nayan protesto g\u00f6sterisi d\u00fczenledi\u011fini belirtti. Kaynaklar, protestocular\u0131n &hellip;<\/p>\n","protected":false},"author":36,"featured_media":233848,"comment_status":"closed","ping_status":"closed","sticky":false,"template":"","format":"standard","meta":{"footnotes":""},"categories":[479,575,17988,478],"tags":[],"class_list":["post-233847","post","type-post","status-publish","format-standard","has-post-thumbnail","","category-haberler-yerel","category-olaylar-ve-gercekler","category-son-haberler","category-yerel"],"_links":{"self":[{"href":"https:\/\/archive.sana.sy\/tr\/index.php?rest_route=\/wp\/v2\/posts\/233847","targetHints":{"allow":["GET"]}}],"collection":[{"href":"https:\/\/archive.sana.sy\/tr\/index.php?rest_route=\/wp\/v2\/posts"}],"about":[{"href":"https:\/\/archive.sana.sy\/tr\/index.php?rest_route=\/wp\/v2\/types\/post"}],"author":[{"embeddable":true,"href":"https:\/\/archive.sana.sy\/tr\/index.php?rest_route=\/wp\/v2\/users\/36"}],"replies":[{"embeddable":true,"href":"https:\/\/archive.sana.sy\/tr\/index.php?rest_route=%2Fwp%2Fv2%2Fcomments&post=233847"}],"version-history":[{"count":0,"href":"https:\/\/archive.sana.sy\/tr\/index.php?rest_route=\/wp\/v2\/posts\/233847\/revisions"}],"wp:featuredmedia":[{"embeddable":true,"href":"https:\/\/archive.sana.sy\/tr\/index.php?rest_route=\/wp\/v2\/media\/233848"}],"wp:attachment":[{"href":"https:\/\/archive.sana.sy\/tr\/index.php?rest_route=%2Fwp%2Fv2%2Fmedia&parent=233847"}],"wp:term":[{"taxonomy":"category","embeddable":true,"href":"https:\/\/archive.sana.sy\/tr\/index.php?rest_route=%2Fwp%2Fv2%2Fcategories&post=233847"},{"taxonomy":"post_tag","embeddable":true,"href":"https:\/\/archive.sana.sy\/tr\/index.php?rest_route=%2Fwp%2Fv2%2Ftags&post=233847"}],"curies":[{"name":"wp","href":"https:\/\/api.w.org\/{rel}","templated":true}]}}