{"id":233853,"date":"2021-05-12T15:32:17","date_gmt":"2021-05-12T12:32:17","guid":{"rendered":"http:\/\/107.6.182.27\/tr\/?p=233853"},"modified":"2021-05-13T08:04:47","modified_gmt":"2021-05-13T05:04:47","slug":"yuksek-ogretim-bakanligi-universite-hastanelerinin-bayram-sirasinda-tibbi-hizmet-vermeye-hazir-oldugunu-teyit-etti","status":"publish","type":"post","link":"https:\/\/archive.sana.sy\/tr\/?p=233853","title":{"rendered":"Y\u00fcksek \u00d6\u011fretim Bakanl\u0131\u011f\u0131, \u00dcniversite Hastanelerinin Bayram S\u0131ras\u0131nda T\u0131bbi Hizmet Vermeye Haz\u0131r Oldu\u011funu Teyit Etti"},"content":{"rendered":"<p>\u015eAM \u2013 Y\u00fcksek \u00d6\u011fretim ve Bilimsel Ara\u015ft\u0131rma Bakanl\u0131\u011f\u0131, \u00fcniversite hastanelerinin acil vakalar\u0131 almaya ve Ramazan Bayram\u0131 tatil g\u00fcnlerinde vatanda\u015flara \u00fccretsiz tedavi ve acil hizmetler sunmaya haz\u0131r oldu\u011funu teyit etti.<\/p>\n<p>Bakanl\u0131k bug\u00fcn yay\u0131nlad\u0131\u011f\u0131 beyanda, ambulans, cerrahi, yo\u011fun bak\u0131m, operasyonlar, end\u00fcstri koleji, k\u00fcv\u00f6zler, havaland\u0131rma delikleri, jinekoloji ve kad\u0131n hastal\u0131klar\u0131 departmanlar\u0131n\u0131n t\u00fcm hastanelerde yedek say\u0131s\u0131n\u0131 art\u0131rd\u0131\u011f\u0131n\u0131 ve gerekli t\u00fcm ihtiya\u00e7lar\u0131 sa\u011flad\u0131\u011f\u0131n\u0131 belirtti.<\/p>\n<p>Bakanl\u0131k, vatanda\u015flar\u0131n g\u00fcvenli\u011fini sa\u011flamak i\u00e7in t\u00fcm \u00fcniversite hastanelerinin ila\u00e7, malzeme ve t\u0131bbi ekipman\u0131n mevcudiyetini sa\u011flamas\u0131 ve korona vir\u00fcs\u00fcne y\u00f6nelik temizlik ve sterilizasyon da dahil olmak \u00fczere t\u00fcm ihtiyati tedbirleri almas\u0131 gerekti\u011fini vurgulad\u0131.<\/p>\n<p>P.M.<\/p>\n","protected":false},"excerpt":{"rendered":"<p>\u015eAM \u2013 Y\u00fcksek \u00d6\u011fretim ve Bilimsel Ara\u015ft\u0131rma Bakanl\u0131\u011f\u0131, \u00fcniversite hastanelerinin acil vakalar\u0131 almaya ve Ramazan Bayram\u0131 tatil g\u00fcnlerinde vatanda\u015flara \u00fccretsiz tedavi ve acil hizmetler sunmaya haz\u0131r oldu\u011funu teyit etti. Bakanl\u0131k bug\u00fcn yay\u0131nlad\u0131\u011f\u0131 beyanda, ambulans, cerrahi, yo\u011fun bak\u0131m, operasyonlar, end\u00fcstri koleji, k\u00fcv\u00f6zler, havaland\u0131rma delikleri, jinekoloji ve kad\u0131n hastal\u0131klar\u0131 departmanlar\u0131n\u0131n t\u00fcm hastanelerde yedek say\u0131s\u0131n\u0131 art\u0131rd\u0131\u011f\u0131n\u0131 ve gerekli &hellip;<\/p>\n","protected":false},"author":1,"featured_media":233854,"comment_status":"closed","ping_status":"closed","sticky":false,"template":"","format":"standard","meta":{"footnotes":""},"categories":[526,479,17988,525,478],"tags":[],"class_list":["post-233853","post","type-post","status-publish","format-standard","has-post-thumbnail","","category-haber-ve-raporlar","category-haberler-yerel","category-son-haberler","category-toplum","category-yerel"],"_links":{"self":[{"href":"https:\/\/archive.sana.sy\/tr\/index.php?rest_route=\/wp\/v2\/posts\/233853","targetHints":{"allow":["GET"]}}],"collection":[{"href":"https:\/\/archive.sana.sy\/tr\/index.php?rest_route=\/wp\/v2\/posts"}],"about":[{"href":"https:\/\/archive.sana.sy\/tr\/index.php?rest_route=\/wp\/v2\/types\/post"}],"author":[{"embeddable":true,"href":"https:\/\/archive.sana.sy\/tr\/index.php?rest_route=\/wp\/v2\/users\/1"}],"replies":[{"embeddable":true,"href":"https:\/\/archive.sana.sy\/tr\/index.php?rest_route=%2Fwp%2Fv2%2Fcomments&post=233853"}],"version-history":[{"count":0,"href":"https:\/\/archive.sana.sy\/tr\/index.php?rest_route=\/wp\/v2\/posts\/233853\/revisions"}],"wp:featuredmedia":[{"embeddable":true,"href":"https:\/\/archive.sana.sy\/tr\/index.php?rest_route=\/wp\/v2\/media\/233854"}],"wp:attachment":[{"href":"https:\/\/archive.sana.sy\/tr\/index.php?rest_route=%2Fwp%2Fv2%2Fmedia&parent=233853"}],"wp:term":[{"taxonomy":"category","embeddable":true,"href":"https:\/\/archive.sana.sy\/tr\/index.php?rest_route=%2Fwp%2Fv2%2Fcategories&post=233853"},{"taxonomy":"post_tag","embeddable":true,"href":"https:\/\/archive.sana.sy\/tr\/index.php?rest_route=%2Fwp%2Fv2%2Ftags&post=233853"}],"curies":[{"name":"wp","href":"https:\/\/api.w.org\/{rel}","templated":true}]}}