{"id":233856,"date":"2021-05-12T16:13:36","date_gmt":"2021-05-12T13:13:36","guid":{"rendered":"http:\/\/107.6.182.27\/tr\/?p=233856"},"modified":"2021-05-13T16:28:26","modified_gmt":"2021-05-13T13:28:26","slug":"cumhurbaskani-el-esad-iran-disisleri-bakani-zarif-ile-bir-araya-geldi-bolgedeki-gelismeler-ele-alindi","status":"publish","type":"post","link":"https:\/\/archive.sana.sy\/tr\/?p=233856","title":{"rendered":"Cumhurba\u015fkan\u0131 El Esad \u0130ran D\u0131\u015fi\u015fleri Bakan\u0131 Zarif \u0130le Bir Araya Geldi.. \u0130kili \u0130li\u015fkiler ve B\u00f6lgedeki Geli\u015fmeler Ele Al\u0131nd\u0131"},"content":{"rendered":"<p>\u015eAM \u2013 Cumhurba\u015fkan\u0131 Be\u015f\u015far el Esad bug\u00fcn \u0130ran D\u0131\u015fi\u015fleri Bakan\u0131 Muhammed Cevad Zarif\u2019i kabul etti.<\/p>\n<p>G\u00f6r\u00fc\u015fmelerde iki \u00fclke aras\u0131ndaki ikili ili\u015fkiler, her d\u00fczeyde isti\u015fare ve koordinasyonun s\u00fcrd\u00fcr\u00fclmesi ve ayr\u0131ca ekonomik d\u00fczey ba\u015fta olmak \u00fczere \u00e7e\u015fitli alanlarda ortak i\u015fbirli\u011fini geli\u015ftirmenin yollar\u0131 ele al\u0131nd\u0131.<\/p>\n<p><a href=\"http:\/\/107.6.182.27\/tr\/wp-content\/uploads\/2021\/05\/9-70.jpg\"><img loading=\"lazy\" decoding=\"async\" class=\"alignright size-medium wp-image-233859\" src=\"http:\/\/107.6.182.27\/tr\/wp-content\/uploads\/2021\/05\/9-70-300x180.jpg\" alt=\"\" width=\"300\" height=\"180\" srcset=\"https:\/\/archive.sana.sy\/tr\/wp-content\/uploads\/2021\/05\/9-70-300x180.jpg 300w, https:\/\/archive.sana.sy\/tr\/wp-content\/uploads\/2021\/05\/9-70-150x90.jpg 150w, https:\/\/archive.sana.sy\/tr\/wp-content\/uploads\/2021\/05\/9-70.jpg 660w\" sizes=\"auto, (max-width: 300px) 100vw, 300px\" \/><\/a>G\u00f6r\u00fc\u015fmede, Suriye&#8217;deki durum ve b\u00f6lgede ter\u00f6rle m\u00fccadele s\u00fcrecinin devam\u0131n\u0131 engelleyen ve istikrars\u0131zl\u0131\u011fa neden olan yasad\u0131\u015f\u0131 Amerikan ve T\u00fcrk varl\u0131\u011f\u0131n\u0131n yan\u0131 s\u0131ra Anayasa Tart\u0131\u015fma Komitesi de dahil olmak \u00fczere siyasi alandaki geli\u015fmeleri ele ald\u0131lar.<\/p>\n<p>G\u00f6r\u00fc\u015fmelerde ayr\u0131ca b\u00f6lgedeki durumdaki geli\u015fmelere, \u0130srail&#8217;in Filistin topraklar\u0131na y\u00f6nelik son sald\u0131r\u0131s\u0131na ve Kud\u00fcs dahil i\u015fgal alt\u0131ndaki Filistin topraklar\u0131n\u0131n karakterini ve stat\u00fcs\u00fcn\u00fc de\u011fi\u015ftirmeyi ama\u00e7layan \u0130srail uygulamalar\u0131na da de\u011finildi.<\/p>\n<p>Bakan Zarif, Cumhurba\u015fkan\u0131 Esad&#8217;a \u0130ran n\u00fckleer dosyas\u0131ndaki geli\u015fmeler, bunun etraf\u0131nda y\u00fcr\u00fct\u00fclen m\u00fczakerelerin detaylar\u0131 ve bu m\u00fczakerelerin ilerlemesini engellemeyi ama\u00e7layan baz\u0131 taraflar\u0131n oynad\u0131\u011f\u0131 sabotaj rol\u00fc hakk\u0131nda bilgi verdi.<\/p>\n<p>G\u00f6r\u00fc\u015fmeye, D\u0131\u015fi\u015fleri ve Gurbet\u00e7iler Bakan\u0131 Feysal el Mikdad, Cumhurba\u015fkanl\u0131\u011f\u0131 \u00f6zel dan\u0131\u015fman\u0131 Dr. Buseyna \u015eaaban, D\u0131\u015fi\u015fleri Bakan yard\u0131mc\u0131s\u0131 Be\u015f\u015far el Caferi, Cumhurba\u015fkanl\u0131\u011f\u0131nda \u00f6zel dan\u0131\u015fman Luna el \u015eibl, D\u0131\u015fi\u015fleri Bakanl\u0131\u011f\u0131 Asya M\u00fcd\u00fcr\u00fc ve \u0130ran\u2019\u0131n Suriye b\u00fcy\u00fckel\u00e7isi kat\u0131ld\u0131.<\/p>\n<div id='gallery-1' class='gallery galleryid-233856 gallery-columns-1 gallery-size-full'><figure class='gallery-item'>\n\t\t\t<div class='gallery-icon landscape'>\n\t\t\t\t<a href='https:\/\/archive.sana.sy\/tr\/wp-content\/uploads\/2021\/05\/8-78.jpg'><img loading=\"lazy\" decoding=\"async\" width=\"660\" height=\"300\" src=\"https:\/\/archive.sana.sy\/tr\/wp-content\/uploads\/2021\/05\/8-78.jpg\" class=\"attachment-full size-full\" alt=\"\" srcset=\"https:\/\/archive.sana.sy\/tr\/wp-content\/uploads\/2021\/05\/8-78.jpg 660w, https:\/\/archive.sana.sy\/tr\/wp-content\/uploads\/2021\/05\/8-78-300x136.jpg 300w, https:\/\/archive.sana.sy\/tr\/wp-content\/uploads\/2021\/05\/8-78-150x68.jpg 150w\" sizes=\"auto, (max-width: 660px) 100vw, 660px\" \/><\/a>\n\t\t\t<\/div><\/figure>\n\t\t<\/div>\n\n<p>&nbsp;<\/p>\n","protected":false},"excerpt":{"rendered":"<p>\u015eAM \u2013 Cumhurba\u015fkan\u0131 Be\u015f\u015far el Esad bug\u00fcn \u0130ran D\u0131\u015fi\u015fleri Bakan\u0131 Muhammed Cevad Zarif\u2019i kabul etti. G\u00f6r\u00fc\u015fmelerde iki \u00fclke aras\u0131ndaki ikili ili\u015fkiler, her d\u00fczeyde isti\u015fare ve koordinasyonun s\u00fcrd\u00fcr\u00fclmesi ve ayr\u0131ca ekonomik d\u00fczey ba\u015fta olmak \u00fczere \u00e7e\u015fitli alanlarda ortak i\u015fbirli\u011fini geli\u015ftirmenin yollar\u0131 ele al\u0131nd\u0131. G\u00f6r\u00fc\u015fmede, Suriye&#8217;deki durum ve b\u00f6lgede ter\u00f6rle m\u00fccadele s\u00fcrecinin devam\u0131n\u0131 engelleyen ve istikrars\u0131zl\u0131\u011fa neden &hellip;<\/p>\n","protected":false},"author":1,"featured_media":233858,"comment_status":"closed","ping_status":"closed","sticky":false,"template":"","format":"standard","meta":{"footnotes":""},"categories":[608,479,605,17988,478],"tags":[],"class_list":["post-233856","post","type-post","status-publish","format-standard","has-post-thumbnail","","category-etkinlikler","category-haberler-yerel","category-sayin-cumhurbaskani","category-son-haberler","category-yerel"],"_links":{"self":[{"href":"https:\/\/archive.sana.sy\/tr\/index.php?rest_route=\/wp\/v2\/posts\/233856","targetHints":{"allow":["GET"]}}],"collection":[{"href":"https:\/\/archive.sana.sy\/tr\/index.php?rest_route=\/wp\/v2\/posts"}],"about":[{"href":"https:\/\/archive.sana.sy\/tr\/index.php?rest_route=\/wp\/v2\/types\/post"}],"author":[{"embeddable":true,"href":"https:\/\/archive.sana.sy\/tr\/index.php?rest_route=\/wp\/v2\/users\/1"}],"replies":[{"embeddable":true,"href":"https:\/\/archive.sana.sy\/tr\/index.php?rest_route=%2Fwp%2Fv2%2Fcomments&post=233856"}],"version-history":[{"count":0,"href":"https:\/\/archive.sana.sy\/tr\/index.php?rest_route=\/wp\/v2\/posts\/233856\/revisions"}],"wp:featuredmedia":[{"embeddable":true,"href":"https:\/\/archive.sana.sy\/tr\/index.php?rest_route=\/wp\/v2\/media\/233858"}],"wp:attachment":[{"href":"https:\/\/archive.sana.sy\/tr\/index.php?rest_route=%2Fwp%2Fv2%2Fmedia&parent=233856"}],"wp:term":[{"taxonomy":"category","embeddable":true,"href":"https:\/\/archive.sana.sy\/tr\/index.php?rest_route=%2Fwp%2Fv2%2Fcategories&post=233856"},{"taxonomy":"post_tag","embeddable":true,"href":"https:\/\/archive.sana.sy\/tr\/index.php?rest_route=%2Fwp%2Fv2%2Ftags&post=233856"}],"curies":[{"name":"wp","href":"https:\/\/api.w.org\/{rel}","templated":true}]}}