{"id":233857,"date":"2021-05-12T16:17:50","date_gmt":"2021-05-12T13:17:50","guid":{"rendered":"http:\/\/107.6.182.27\/tr\/?p=233857"},"modified":"2021-05-12T16:17:50","modified_gmt":"2021-05-12T13:17:50","slug":"iran-disisleri-bakani-muhammed-cevad-zarif-ikili-iliskileri-ve-bolgedeki-gelismelere-gorusmek-uzere-sama-vardi","status":"publish","type":"post","link":"https:\/\/archive.sana.sy\/tr\/?p=233857","title":{"rendered":"\u0130ran D\u0131\u015fi\u015fleri Bakan\u0131 Muhammed Cevad Zarif ikili ili\u015fkileri ve b\u00f6lgedeki geli\u015fmelere g\u00f6r\u00fc\u015fmek \u00fczere \u015eam&#8217;a vard\u0131"},"content":{"rendered":"<p>\u0130ran D\u0131\u015fi\u015fleri Bakan\u0131 Muhammed Cevad Zarif ikili ili\u015fkileri ve b\u00f6lgedeki geli\u015fmelere g\u00f6r\u00fc\u015fmek \u00fczere \u015eam&#8217;a vard\u0131<\/p>\n<p><iframe loading=\"lazy\" title=\"YouTube video player\" src=\"https:\/\/www.youtube.com\/embed\/DL8OqUig8L8\" width=\"620\" height=\"347\" frameborder=\"0\" allowfullscreen=\"allowfullscreen\"><\/iframe><\/p>\n","protected":false},"excerpt":{"rendered":"<p>\u0130ran D\u0131\u015fi\u015fleri Bakan\u0131 Muhammed Cevad Zarif ikili ili\u015fkileri ve b\u00f6lgedeki geli\u015fmelere g\u00f6r\u00fc\u015fmek \u00fczere \u015eam&#8217;a vard\u0131<\/p>\n","protected":false},"author":1,"featured_media":233864,"comment_status":"closed","ping_status":"closed","sticky":false,"template":"","format":"standard","meta":{"footnotes":""},"categories":[18295],"tags":[],"class_list":["post-233857","post","type-post","status-publish","format-standard","has-post-thumbnail","","category-sana-video"],"_links":{"self":[{"href":"https:\/\/archive.sana.sy\/tr\/index.php?rest_route=\/wp\/v2\/posts\/233857","targetHints":{"allow":["GET"]}}],"collection":[{"href":"https:\/\/archive.sana.sy\/tr\/index.php?rest_route=\/wp\/v2\/posts"}],"about":[{"href":"https:\/\/archive.sana.sy\/tr\/index.php?rest_route=\/wp\/v2\/types\/post"}],"author":[{"embeddable":true,"href":"https:\/\/archive.sana.sy\/tr\/index.php?rest_route=\/wp\/v2\/users\/1"}],"replies":[{"embeddable":true,"href":"https:\/\/archive.sana.sy\/tr\/index.php?rest_route=%2Fwp%2Fv2%2Fcomments&post=233857"}],"version-history":[{"count":0,"href":"https:\/\/archive.sana.sy\/tr\/index.php?rest_route=\/wp\/v2\/posts\/233857\/revisions"}],"wp:featuredmedia":[{"embeddable":true,"href":"https:\/\/archive.sana.sy\/tr\/index.php?rest_route=\/wp\/v2\/media\/233864"}],"wp:attachment":[{"href":"https:\/\/archive.sana.sy\/tr\/index.php?rest_route=%2Fwp%2Fv2%2Fmedia&parent=233857"}],"wp:term":[{"taxonomy":"category","embeddable":true,"href":"https:\/\/archive.sana.sy\/tr\/index.php?rest_route=%2Fwp%2Fv2%2Fcategories&post=233857"},{"taxonomy":"post_tag","embeddable":true,"href":"https:\/\/archive.sana.sy\/tr\/index.php?rest_route=%2Fwp%2Fv2%2Ftags&post=233857"}],"curies":[{"name":"wp","href":"https:\/\/api.w.org\/{rel}","templated":true}]}}