{"id":233877,"date":"2021-05-12T18:35:55","date_gmt":"2021-05-12T15:35:55","guid":{"rendered":"http:\/\/107.6.182.27\/tr\/?p=233877"},"modified":"2021-05-13T16:28:28","modified_gmt":"2021-05-13T13:28:28","slug":"bes-kacirilan-ve-bir-sehit-cesedi-halep-kirsalinin-kuzeyindeki-teroristlerden-kurtarildi","status":"publish","type":"post","link":"https:\/\/archive.sana.sy\/tr\/?p=233877","title":{"rendered":"Be\u015f Ka\u00e7\u0131r\u0131lan ve Bir \u015eehit Cesedi Halep K\u0131rsal\u0131n\u0131n Kuzeyindeki Ter\u00f6ristlerden Kurtar\u0131ld\u0131 (V\u0130DEO)"},"content":{"rendered":"<p>HALEP \u2013 SANA muhabiri Suriye Arap Ordusu&#8217;ndan be\u015f ka\u00e7\u0131r\u0131lanlar\u0131n ve bir \u015fehit cesedinin Halep k\u0131rsal\u0131n\u0131n kuzeyindeki el Bab b\u00f6lgesindeki ter\u00f6r \u00f6rg\u00fctlerinden kurtar\u0131ld\u0131klar\u0131n\u0131 belirtti.<\/p>\n<p style=\"text-align: center;\"><iframe loading=\"lazy\" title=\"YouTube video player\" src=\"https:\/\/www.youtube.com\/embed\/i8fyQMcVwOw\" width=\"620\" height=\"347\" frameborder=\"0\" allowfullscreen=\"allowfullscreen\"><\/iframe><\/p>\n<div id='gallery-1' class='gallery galleryid-233877 gallery-columns-1 gallery-size-full'><figure class='gallery-item'>\n\t\t\t<div class='gallery-icon landscape'>\n\t\t\t\t<a href='https:\/\/archive.sana.sy\/tr\/wp-content\/uploads\/2021\/05\/10000-1.jpg'><img loading=\"lazy\" decoding=\"async\" width=\"660\" height=\"460\" src=\"https:\/\/archive.sana.sy\/tr\/wp-content\/uploads\/2021\/05\/10000-1.jpg\" class=\"attachment-full size-full\" alt=\"\" srcset=\"https:\/\/archive.sana.sy\/tr\/wp-content\/uploads\/2021\/05\/10000-1.jpg 660w, https:\/\/archive.sana.sy\/tr\/wp-content\/uploads\/2021\/05\/10000-1-300x209.jpg 300w, https:\/\/archive.sana.sy\/tr\/wp-content\/uploads\/2021\/05\/10000-1-150x105.jpg 150w\" sizes=\"auto, (max-width: 660px) 100vw, 660px\" \/><\/a>\n\t\t\t<\/div><\/figure><figure class='gallery-item'>\n\t\t\t<div class='gallery-icon landscape'>\n\t\t\t\t<a href='https:\/\/archive.sana.sy\/tr\/wp-content\/uploads\/2021\/05\/20000-1.jpg'><img loading=\"lazy\" decoding=\"async\" width=\"660\" height=\"416\" src=\"https:\/\/archive.sana.sy\/tr\/wp-content\/uploads\/2021\/05\/20000-1.jpg\" class=\"attachment-full size-full\" alt=\"\" srcset=\"https:\/\/archive.sana.sy\/tr\/wp-content\/uploads\/2021\/05\/20000-1.jpg 660w, https:\/\/archive.sana.sy\/tr\/wp-content\/uploads\/2021\/05\/20000-1-300x189.jpg 300w, https:\/\/archive.sana.sy\/tr\/wp-content\/uploads\/2021\/05\/20000-1-150x95.jpg 150w\" sizes=\"auto, (max-width: 660px) 100vw, 660px\" \/><\/a>\n\t\t\t<\/div><\/figure><figure class='gallery-item'>\n\t\t\t<div class='gallery-icon landscape'>\n\t\t\t\t<a href='https:\/\/archive.sana.sy\/tr\/wp-content\/uploads\/2021\/05\/3000-2.jpg'><img loading=\"lazy\" decoding=\"async\" width=\"660\" height=\"389\" src=\"https:\/\/archive.sana.sy\/tr\/wp-content\/uploads\/2021\/05\/3000-2.jpg\" class=\"attachment-full size-full\" alt=\"\" srcset=\"https:\/\/archive.sana.sy\/tr\/wp-content\/uploads\/2021\/05\/3000-2.jpg 660w, https:\/\/archive.sana.sy\/tr\/wp-content\/uploads\/2021\/05\/3000-2-300x177.jpg 300w, https:\/\/archive.sana.sy\/tr\/wp-content\/uploads\/2021\/05\/3000-2-150x88.jpg 150w\" sizes=\"auto, (max-width: 660px) 100vw, 660px\" \/><\/a>\n\t\t\t<\/div><\/figure>\n\t\t<\/div>\n\n","protected":false},"excerpt":{"rendered":"<p>HALEP \u2013 SANA muhabiri Suriye Arap Ordusu&#8217;ndan be\u015f ka\u00e7\u0131r\u0131lanlar\u0131n ve bir \u015fehit cesedinin Halep k\u0131rsal\u0131n\u0131n kuzeyindeki el Bab b\u00f6lgesindeki ter\u00f6r \u00f6rg\u00fctlerinden kurtar\u0131ld\u0131klar\u0131n\u0131 belirtti.<\/p>\n","protected":false},"author":1,"featured_media":233878,"comment_status":"closed","ping_status":"closed","sticky":false,"template":"","format":"standard","meta":{"footnotes":""},"categories":[596,479,575,17988,478],"tags":[],"class_list":["post-233877","post","type-post","status-publish","format-standard","has-post-thumbnail","","category-fotografli-raporlar","category-haberler-yerel","category-olaylar-ve-gercekler","category-son-haberler","category-yerel"],"_links":{"self":[{"href":"https:\/\/archive.sana.sy\/tr\/index.php?rest_route=\/wp\/v2\/posts\/233877","targetHints":{"allow":["GET"]}}],"collection":[{"href":"https:\/\/archive.sana.sy\/tr\/index.php?rest_route=\/wp\/v2\/posts"}],"about":[{"href":"https:\/\/archive.sana.sy\/tr\/index.php?rest_route=\/wp\/v2\/types\/post"}],"author":[{"embeddable":true,"href":"https:\/\/archive.sana.sy\/tr\/index.php?rest_route=\/wp\/v2\/users\/1"}],"replies":[{"embeddable":true,"href":"https:\/\/archive.sana.sy\/tr\/index.php?rest_route=%2Fwp%2Fv2%2Fcomments&post=233877"}],"version-history":[{"count":0,"href":"https:\/\/archive.sana.sy\/tr\/index.php?rest_route=\/wp\/v2\/posts\/233877\/revisions"}],"wp:featuredmedia":[{"embeddable":true,"href":"https:\/\/archive.sana.sy\/tr\/index.php?rest_route=\/wp\/v2\/media\/233878"}],"wp:attachment":[{"href":"https:\/\/archive.sana.sy\/tr\/index.php?rest_route=%2Fwp%2Fv2%2Fmedia&parent=233877"}],"wp:term":[{"taxonomy":"category","embeddable":true,"href":"https:\/\/archive.sana.sy\/tr\/index.php?rest_route=%2Fwp%2Fv2%2Fcategories&post=233877"},{"taxonomy":"post_tag","embeddable":true,"href":"https:\/\/archive.sana.sy\/tr\/index.php?rest_route=%2Fwp%2Fv2%2Ftags&post=233877"}],"curies":[{"name":"wp","href":"https:\/\/api.w.org\/{rel}","templated":true}]}}