{"id":233939,"date":"2021-05-14T10:06:26","date_gmt":"2021-05-14T07:06:26","guid":{"rendered":"http:\/\/107.6.182.27\/tr\/?p=233939"},"modified":"2021-05-15T08:21:20","modified_gmt":"2021-05-15T05:21:20","slug":"dsg-milisleri-deyrezzor-kirsalindan-44-sivili-kacirdi","status":"publish","type":"post","link":"https:\/\/archive.sana.sy\/tr\/?p=233939","title":{"rendered":"DSG Milisleri, Deyrezzor K\u0131rsal\u0131ndan 44 Sivili Ka\u00e7\u0131rd\u0131"},"content":{"rendered":"<p>DEYREZZOR \u2013 Amerikan i\u015fgal g\u00fc\u00e7leri taraf\u0131ndan desteklenen &#8220;DSG&#8221; milisleri bask\u0131n kampanyalar\u0131na devam ederek, Deyrezzor k\u0131rsal\u0131n\u0131n do\u011fusundaki k\u00f6ylerden birke\u00e7 sivili ka\u00e7\u0131rd\u0131.<\/p>\n<p>Yerel kaynaklar SANA muahbirine yapt\u0131\u011f\u0131 a\u00e7\u0131klamada, DSG milislerinden silahl\u0131 gruplar\u0131n, El Zir ve el \u015eahil beldelerindeki vatanda\u015flar\u0131n evlerine bask\u0131n d\u00fczenledi\u011fini belirtirken, 44 sivili ka\u00e7\u0131r\u0131p bilinmeyen bir yere g\u00f6t\u00fcrd\u00fc\u011f\u00fcne i\u015faret etti.<\/p>\n<p>\u00c7eviri: M.Y<\/p>\n","protected":false},"excerpt":{"rendered":"<p>DEYREZZOR \u2013 Amerikan i\u015fgal g\u00fc\u00e7leri taraf\u0131ndan desteklenen &#8220;DSG&#8221; milisleri bask\u0131n kampanyalar\u0131na devam ederek, Deyrezzor k\u0131rsal\u0131n\u0131n do\u011fusundaki k\u00f6ylerden birke\u00e7 sivili ka\u00e7\u0131rd\u0131. Yerel kaynaklar SANA muahbirine yapt\u0131\u011f\u0131 a\u00e7\u0131klamada, DSG milislerinden silahl\u0131 gruplar\u0131n, El Zir ve el \u015eahil beldelerindeki vatanda\u015flar\u0131n evlerine bask\u0131n d\u00fczenledi\u011fini belirtirken, 44 sivili ka\u00e7\u0131r\u0131p bilinmeyen bir yere g\u00f6t\u00fcrd\u00fc\u011f\u00fcne i\u015faret etti. \u00c7eviri: M.Y<\/p>\n","protected":false},"author":36,"featured_media":233940,"comment_status":"closed","ping_status":"closed","sticky":false,"template":"","format":"standard","meta":{"footnotes":""},"categories":[479,575,17988,478],"tags":[],"class_list":["post-233939","post","type-post","status-publish","format-standard","has-post-thumbnail","","category-haberler-yerel","category-olaylar-ve-gercekler","category-son-haberler","category-yerel"],"_links":{"self":[{"href":"https:\/\/archive.sana.sy\/tr\/index.php?rest_route=\/wp\/v2\/posts\/233939","targetHints":{"allow":["GET"]}}],"collection":[{"href":"https:\/\/archive.sana.sy\/tr\/index.php?rest_route=\/wp\/v2\/posts"}],"about":[{"href":"https:\/\/archive.sana.sy\/tr\/index.php?rest_route=\/wp\/v2\/types\/post"}],"author":[{"embeddable":true,"href":"https:\/\/archive.sana.sy\/tr\/index.php?rest_route=\/wp\/v2\/users\/36"}],"replies":[{"embeddable":true,"href":"https:\/\/archive.sana.sy\/tr\/index.php?rest_route=%2Fwp%2Fv2%2Fcomments&post=233939"}],"version-history":[{"count":0,"href":"https:\/\/archive.sana.sy\/tr\/index.php?rest_route=\/wp\/v2\/posts\/233939\/revisions"}],"wp:featuredmedia":[{"embeddable":true,"href":"https:\/\/archive.sana.sy\/tr\/index.php?rest_route=\/wp\/v2\/media\/233940"}],"wp:attachment":[{"href":"https:\/\/archive.sana.sy\/tr\/index.php?rest_route=%2Fwp%2Fv2%2Fmedia&parent=233939"}],"wp:term":[{"taxonomy":"category","embeddable":true,"href":"https:\/\/archive.sana.sy\/tr\/index.php?rest_route=%2Fwp%2Fv2%2Fcategories&post=233939"},{"taxonomy":"post_tag","embeddable":true,"href":"https:\/\/archive.sana.sy\/tr\/index.php?rest_route=%2Fwp%2Fv2%2Ftags&post=233939"}],"curies":[{"name":"wp","href":"https:\/\/api.w.org\/{rel}","templated":true}]}}