{"id":233956,"date":"2021-05-14T15:02:15","date_gmt":"2021-05-14T12:02:15","guid":{"rendered":"http:\/\/107.6.182.27\/tr\/?p=233956"},"modified":"2021-05-15T08:21:23","modified_gmt":"2021-05-15T05:21:23","slug":"halep-sehrinde-bir-deprem-meydana-geldi","status":"publish","type":"post","link":"https:\/\/archive.sana.sy\/tr\/?p=233956","title":{"rendered":"Halep \u015eehrinde Bir Deprem Meydana Geldi"},"content":{"rendered":"<p>\u015eAM \u2013 Halep \u015fehrinin kuzeyinde Richter \u00f6l\u00e7e\u011fine g\u00f6re 3,5 b\u00fcy\u00fckl\u00fc\u011f\u00fcnde bir deprem meydana geldi.<\/p>\n<p>Ulusal Sismoloji Merkezinin yay\u0131nlad\u0131\u011f\u0131 ve SANA\u2019n\u0131n bir n\u00fcshas\u0131n\u0131 ald\u0131\u011f\u0131 beyanda, yerel saate g\u00f6re sabah 1:14\u2019te, Homs \u015fehrinin 100 km kuzeyinde ve 8 km derinlikte bir deprem kaydetti\u011fini belirtti.<\/p>\n<p>\u00c7eviri: M.Y<\/p>\n","protected":false},"excerpt":{"rendered":"<p>\u015eAM \u2013 Halep \u015fehrinin kuzeyinde Richter \u00f6l\u00e7e\u011fine g\u00f6re 3,5 b\u00fcy\u00fckl\u00fc\u011f\u00fcnde bir deprem meydana geldi. Ulusal Sismoloji Merkezinin yay\u0131nlad\u0131\u011f\u0131 ve SANA\u2019n\u0131n bir n\u00fcshas\u0131n\u0131 ald\u0131\u011f\u0131 beyanda, yerel saate g\u00f6re sabah 1:14\u2019te, Homs \u015fehrinin 100 km kuzeyinde ve 8 km derinlikte bir deprem kaydetti\u011fini belirtti. \u00c7eviri: M.Y<\/p>\n","protected":false},"author":36,"featured_media":233957,"comment_status":"closed","ping_status":"closed","sticky":false,"template":"","format":"standard","meta":{"footnotes":""},"categories":[479,17988,478],"tags":[],"class_list":["post-233956","post","type-post","status-publish","format-standard","has-post-thumbnail","","category-haberler-yerel","category-son-haberler","category-yerel"],"_links":{"self":[{"href":"https:\/\/archive.sana.sy\/tr\/index.php?rest_route=\/wp\/v2\/posts\/233956","targetHints":{"allow":["GET"]}}],"collection":[{"href":"https:\/\/archive.sana.sy\/tr\/index.php?rest_route=\/wp\/v2\/posts"}],"about":[{"href":"https:\/\/archive.sana.sy\/tr\/index.php?rest_route=\/wp\/v2\/types\/post"}],"author":[{"embeddable":true,"href":"https:\/\/archive.sana.sy\/tr\/index.php?rest_route=\/wp\/v2\/users\/36"}],"replies":[{"embeddable":true,"href":"https:\/\/archive.sana.sy\/tr\/index.php?rest_route=%2Fwp%2Fv2%2Fcomments&post=233956"}],"version-history":[{"count":0,"href":"https:\/\/archive.sana.sy\/tr\/index.php?rest_route=\/wp\/v2\/posts\/233956\/revisions"}],"wp:featuredmedia":[{"embeddable":true,"href":"https:\/\/archive.sana.sy\/tr\/index.php?rest_route=\/wp\/v2\/media\/233957"}],"wp:attachment":[{"href":"https:\/\/archive.sana.sy\/tr\/index.php?rest_route=%2Fwp%2Fv2%2Fmedia&parent=233956"}],"wp:term":[{"taxonomy":"category","embeddable":true,"href":"https:\/\/archive.sana.sy\/tr\/index.php?rest_route=%2Fwp%2Fv2%2Fcategories&post=233956"},{"taxonomy":"post_tag","embeddable":true,"href":"https:\/\/archive.sana.sy\/tr\/index.php?rest_route=%2Fwp%2Fv2%2Ftags&post=233956"}],"curies":[{"name":"wp","href":"https:\/\/api.w.org\/{rel}","templated":true}]}}