{"id":234011,"date":"2021-05-15T11:49:44","date_gmt":"2021-05-15T08:49:44","guid":{"rendered":"http:\/\/107.6.182.27\/tr\/?p=234011"},"modified":"2021-05-16T08:03:04","modified_gmt":"2021-05-16T05:03:04","slug":"amerikan-isgal-gucleri-haseke-kirsalina-yeni-bir-konvoy-gecirdi-2","status":"publish","type":"post","link":"https:\/\/archive.sana.sy\/tr\/?p=234011","title":{"rendered":"Amerikan \u0130\u015fgal G\u00fc\u00e7leri, Haseke K\u0131rsal\u0131na Yeni Bir Konvoy Ge\u00e7irdi"},"content":{"rendered":"<p>HASEKE \u2013 Amerikan i\u015fgal g\u00fc\u00e7leri, Suriye\u2019nin el Cezire b\u00f6lgesindeki yasad\u0131\u015f\u0131 \u00fcslerini g\u00fc\u00e7lendirmek i\u00e7in, Haseke k\u0131rsal\u0131na askeri ara\u00e7larla dolu tankerler ge\u00e7irdi.<\/p>\n<p>Yerel kaynaklar SANA muhabirine, Amerikan i\u015fgal g\u00fc\u00e7lerine ait &#8220;Hummer&#8221; askeri ara\u00e7larla y\u00fckl\u00fc 10 tankerden olu\u015fan bir konvoyun, bu sabah Irak topraklar\u0131ndan yasad\u0131\u015f\u0131 El-Valid ge\u00e7idinden Haseke k\u0131rsal\u0131ndaki i\u015fgal \u00fcslerinden birine y\u00f6neldi\u011fini belirtti.<\/p>\n<p>\u00c7eviri: M.Y<\/p>\n","protected":false},"excerpt":{"rendered":"<p>HASEKE \u2013 Amerikan i\u015fgal g\u00fc\u00e7leri, Suriye\u2019nin el Cezire b\u00f6lgesindeki yasad\u0131\u015f\u0131 \u00fcslerini g\u00fc\u00e7lendirmek i\u00e7in, Haseke k\u0131rsal\u0131na askeri ara\u00e7larla dolu tankerler ge\u00e7irdi. Yerel kaynaklar SANA muhabirine, Amerikan i\u015fgal g\u00fc\u00e7lerine ait &#8220;Hummer&#8221; askeri ara\u00e7larla y\u00fckl\u00fc 10 tankerden olu\u015fan bir konvoyun, bu sabah Irak topraklar\u0131ndan yasad\u0131\u015f\u0131 El-Valid ge\u00e7idinden Haseke k\u0131rsal\u0131ndaki i\u015fgal \u00fcslerinden birine y\u00f6neldi\u011fini belirtti. \u00c7eviri: M.Y<\/p>\n","protected":false},"author":36,"featured_media":234012,"comment_status":"closed","ping_status":"closed","sticky":false,"template":"","format":"standard","meta":{"footnotes":""},"categories":[479,575,17988,478],"tags":[],"class_list":["post-234011","post","type-post","status-publish","format-standard","has-post-thumbnail","","category-haberler-yerel","category-olaylar-ve-gercekler","category-son-haberler","category-yerel"],"_links":{"self":[{"href":"https:\/\/archive.sana.sy\/tr\/index.php?rest_route=\/wp\/v2\/posts\/234011","targetHints":{"allow":["GET"]}}],"collection":[{"href":"https:\/\/archive.sana.sy\/tr\/index.php?rest_route=\/wp\/v2\/posts"}],"about":[{"href":"https:\/\/archive.sana.sy\/tr\/index.php?rest_route=\/wp\/v2\/types\/post"}],"author":[{"embeddable":true,"href":"https:\/\/archive.sana.sy\/tr\/index.php?rest_route=\/wp\/v2\/users\/36"}],"replies":[{"embeddable":true,"href":"https:\/\/archive.sana.sy\/tr\/index.php?rest_route=%2Fwp%2Fv2%2Fcomments&post=234011"}],"version-history":[{"count":0,"href":"https:\/\/archive.sana.sy\/tr\/index.php?rest_route=\/wp\/v2\/posts\/234011\/revisions"}],"wp:featuredmedia":[{"embeddable":true,"href":"https:\/\/archive.sana.sy\/tr\/index.php?rest_route=\/wp\/v2\/media\/234012"}],"wp:attachment":[{"href":"https:\/\/archive.sana.sy\/tr\/index.php?rest_route=%2Fwp%2Fv2%2Fmedia&parent=234011"}],"wp:term":[{"taxonomy":"category","embeddable":true,"href":"https:\/\/archive.sana.sy\/tr\/index.php?rest_route=%2Fwp%2Fv2%2Fcategories&post=234011"},{"taxonomy":"post_tag","embeddable":true,"href":"https:\/\/archive.sana.sy\/tr\/index.php?rest_route=%2Fwp%2Fv2%2Ftags&post=234011"}],"curies":[{"name":"wp","href":"https:\/\/api.w.org\/{rel}","templated":true}]}}