{"id":234014,"date":"2021-05-15T12:01:51","date_gmt":"2021-05-15T09:01:51","guid":{"rendered":"http:\/\/107.6.182.27\/tr\/?p=234014"},"modified":"2021-05-16T08:03:07","modified_gmt":"2021-05-16T05:03:07","slug":"erdogan-teroristleri-halep-sehrinde-birkac-ev-ve-dukkani-ele-gecirdi","status":"publish","type":"post","link":"https:\/\/archive.sana.sy\/tr\/?p=234014","title":{"rendered":"Erdo\u011fan Ter\u00f6ristleri Halep \u015eehrinde Birka\u00e7 ev ve d\u00fckkan\u0131 Ele Ge\u00e7irdi"},"content":{"rendered":"<p>HALEP \u2013 \u00a0T\u00fcrk i\u015fgal g\u00fc\u00e7lerine ba\u011fl\u0131 ter\u00f6r \u00f6rg\u00fctleri sivillere ve i\u015fgal ettikleri b\u00f6lgelerdeki m\u00fclklerine y\u00f6nelik sald\u0131r\u0131lar\u0131n\u0131 devam ederek, Halep k\u0131rsal\u0131n\u0131n kuzeyinde yer alan Afrin b\u00f6lgesine ba\u011fl\u0131 Maabatl\u0131 il\u00e7esi yak\u0131nlar\u0131nda birka\u00e7 ev ve d\u00fckkana el koydu.<\/p>\n<p>Yerel kaynaklar SANA&#8217;ya, T\u00fcrk i\u015fgal g\u00fc\u00e7lerine ba\u011fl\u0131 s\u00f6zde &#8220;El \u015eemal Tugay\u0131&#8221; ter\u00f6ristlerinin, Afrin b\u00f6lgesine ba\u011fl\u0131 Maabatl\u0131 il\u00e7esi yak\u0131nlar\u0131ndaki bir\u00e7ok k\u00f6yde \u00fc\u00e7 ev ve d\u00fckkana silah zoruyla ele ge\u00e7irdi\u011fini belirtti.<\/p>\n<p>\u00c7eviri: M.Y<\/p>\n","protected":false},"excerpt":{"rendered":"<p>HALEP \u2013 \u00a0T\u00fcrk i\u015fgal g\u00fc\u00e7lerine ba\u011fl\u0131 ter\u00f6r \u00f6rg\u00fctleri sivillere ve i\u015fgal ettikleri b\u00f6lgelerdeki m\u00fclklerine y\u00f6nelik sald\u0131r\u0131lar\u0131n\u0131 devam ederek, Halep k\u0131rsal\u0131n\u0131n kuzeyinde yer alan Afrin b\u00f6lgesine ba\u011fl\u0131 Maabatl\u0131 il\u00e7esi yak\u0131nlar\u0131nda birka\u00e7 ev ve d\u00fckkana el koydu. Yerel kaynaklar SANA&#8217;ya, T\u00fcrk i\u015fgal g\u00fc\u00e7lerine ba\u011fl\u0131 s\u00f6zde &#8220;El \u015eemal Tugay\u0131&#8221; ter\u00f6ristlerinin, Afrin b\u00f6lgesine ba\u011fl\u0131 Maabatl\u0131 il\u00e7esi yak\u0131nlar\u0131ndaki bir\u00e7ok k\u00f6yde &hellip;<\/p>\n","protected":false},"author":36,"featured_media":234015,"comment_status":"closed","ping_status":"closed","sticky":false,"template":"","format":"standard","meta":{"footnotes":""},"categories":[479,575,17988,2554,2555,478],"tags":[],"class_list":["post-234014","post","type-post","status-publish","format-standard","has-post-thumbnail","","category-haberler-yerel","category-olaylar-ve-gercekler","category-son-haberler","category-suriye-ve-dunya","category-suriye-ve-turkiye","category-yerel"],"_links":{"self":[{"href":"https:\/\/archive.sana.sy\/tr\/index.php?rest_route=\/wp\/v2\/posts\/234014","targetHints":{"allow":["GET"]}}],"collection":[{"href":"https:\/\/archive.sana.sy\/tr\/index.php?rest_route=\/wp\/v2\/posts"}],"about":[{"href":"https:\/\/archive.sana.sy\/tr\/index.php?rest_route=\/wp\/v2\/types\/post"}],"author":[{"embeddable":true,"href":"https:\/\/archive.sana.sy\/tr\/index.php?rest_route=\/wp\/v2\/users\/36"}],"replies":[{"embeddable":true,"href":"https:\/\/archive.sana.sy\/tr\/index.php?rest_route=%2Fwp%2Fv2%2Fcomments&post=234014"}],"version-history":[{"count":0,"href":"https:\/\/archive.sana.sy\/tr\/index.php?rest_route=\/wp\/v2\/posts\/234014\/revisions"}],"wp:featuredmedia":[{"embeddable":true,"href":"https:\/\/archive.sana.sy\/tr\/index.php?rest_route=\/wp\/v2\/media\/234015"}],"wp:attachment":[{"href":"https:\/\/archive.sana.sy\/tr\/index.php?rest_route=%2Fwp%2Fv2%2Fmedia&parent=234014"}],"wp:term":[{"taxonomy":"category","embeddable":true,"href":"https:\/\/archive.sana.sy\/tr\/index.php?rest_route=%2Fwp%2Fv2%2Fcategories&post=234014"},{"taxonomy":"post_tag","embeddable":true,"href":"https:\/\/archive.sana.sy\/tr\/index.php?rest_route=%2Fwp%2Fv2%2Ftags&post=234014"}],"curies":[{"name":"wp","href":"https:\/\/api.w.org\/{rel}","templated":true}]}}