{"id":234018,"date":"2021-05-15T15:31:15","date_gmt":"2021-05-15T12:31:15","guid":{"rendered":"http:\/\/107.6.182.27\/tr\/?p=234018"},"modified":"2021-05-16T08:55:10","modified_gmt":"2021-05-16T05:55:10","slug":"israil-isgalinin-saldirganligi-sonucunda-filistinli-sehit-sayisi-aralarinda-39-cocugun-bulundugu-140a-yukseldi","status":"publish","type":"post","link":"https:\/\/archive.sana.sy\/tr\/?p=234018","title":{"rendered":"&#8220;\u0130srail&#8221; \u0130\u015fgalinin Sald\u0131rganl\u0131\u011f\u0131 Sonucunda Filistinli \u015eehit Say\u0131s\u0131 Aralar\u0131nda 39 \u00c7ocu\u011fun Bulundu\u011fu 140&#8217;a Y\u00fckseldi.."},"content":{"rendered":"<p>\u0130\u015eGAL ALTINDAK\u0130 KUD\u00dcS \u2013 \u0130srail i\u015fgal g\u00fc\u00e7lerinin ku\u015fatma alt\u0131ndaki Gazze Yakas\u0131\u2019nda bombard\u0131man\u0131 sonucu bug\u00fcn bir Filistinli \u015fehit d\u00fc\u015ft\u00fc ve di\u011ferleri yaraland\u0131.<\/p>\n<p>Wafa haber ajans\u0131, i\u015fgal hava kuvvetlerinin Gazze\u2019nin ortas\u0131ndaki Breyj kamp\u0131nda bir grup Filistinliyi hedef ald\u0131\u011f\u0131n\u0131 ve bunun bir Filistinlinin \u015fehit d\u00fc\u015fmesine ve di\u011ferlerinin de yaralanmas\u0131na neden oldu\u011funu bildirdi.<\/p>\n<p>\u0130\u015fgal hava kuvvetleri ayn\u0131 zamanda Gazze\u2019nin ortas\u0131ndaki el Zeytun, el Raml ve el Sabra mahallelerini de hedef ald\u0131 ve bu da bir Filistinlinin yaralanmas\u0131na, Filistinlilerin evlerine ve mallar\u0131na maddi zarar vermesine neden oldu.<\/p>\n<p>\u0130srail&#8217;in Gazze Yakas\u0131\u2019nda s\u00fcrekli sald\u0131rganl\u0131\u011f\u0131n\u0131n kurbanlar\u0131n\u0131n say\u0131s\u0131 binden fazla yaral\u0131 ve 39&#8217;u \u00e7ocuk olmak \u00fczere 140 \u015fehide ula\u015ft\u0131. Bunun yan\u0131 s\u0131ra \u0130srail sald\u0131rganl\u0131\u011f\u0131 sonocunda Filistinlilerin evleri, m\u00fclkleri ve hizmet altyap\u0131da b\u00fcy\u00fck maddi hasarlara yol a\u00e7t\u0131.<\/p>\n<p>\u0130\u015fgalin top ve u\u00e7aklar\u0131n\u0131n a\u011f\u0131r bombard\u0131man\u0131 nedeniyle ambulans ekipleri \u015fehitleri geri getirmede ve yaral\u0131lar\u0131 kurtarmada b\u00fcy\u00fck zorluklarla kar\u015f\u0131 kar\u015f\u0131yad\u0131r.<\/p>\n<p>\u00d6te yandan \u0130srail i\u015fgal g\u00fc\u00e7leri Gazze Yakas\u0131 sahillerini ve i\u00e7inde bulunan alanlar\u0131 da bombalad\u0131.<\/p>\n<p><span style=\"color: #0000ff;\">Gazze Yakas\u0131ndaki 8 ana elektrik hatt\u0131 hizmet d\u0131\u015f\u0131 kald\u0131<\/span><\/p>\n<p>Bununla ilgili bir ba\u011flamda Wafa Haber Ajans\u0131, \u0130srail i\u015fgal g\u00fc\u00e7lerinin ku\u015fat\u0131lm\u0131\u015f Gazze Yakas\u0131\u2019ndaki s\u00fcrekli bombard\u0131man\u0131 nedeniyle sekiz ana elektrik hatt\u0131 hizmet d\u0131\u015f\u0131 kald\u0131\u011f\u0131n\u0131 belirtti.<\/p>\n<p>P.M.<\/p>\n","protected":false},"excerpt":{"rendered":"<p>\u0130\u015eGAL ALTINDAK\u0130 KUD\u00dcS \u2013 \u0130srail i\u015fgal g\u00fc\u00e7lerinin ku\u015fatma alt\u0131ndaki Gazze Yakas\u0131\u2019nda bombard\u0131man\u0131 sonucu bug\u00fcn bir Filistinli \u015fehit d\u00fc\u015ft\u00fc ve di\u011ferleri yaraland\u0131. Wafa haber ajans\u0131, i\u015fgal hava kuvvetlerinin Gazze\u2019nin ortas\u0131ndaki Breyj kamp\u0131nda bir grup Filistinliyi hedef ald\u0131\u011f\u0131n\u0131 ve bunun bir Filistinlinin \u015fehit d\u00fc\u015fmesine ve di\u011ferlerinin de yaralanmas\u0131na neden oldu\u011funu bildirdi. \u0130\u015fgal hava kuvvetleri ayn\u0131 zamanda Gazze\u2019nin &hellip;<\/p>\n","protected":false},"author":1,"featured_media":234051,"comment_status":"closed","ping_status":"closed","sticky":false,"template":"","format":"standard","meta":{"footnotes":""},"categories":[458,459,17988],"tags":[],"class_list":["post-234018","post","type-post","status-publish","format-standard","has-post-thumbnail","","category-dunya1","category-haberler-arap-uluslararasi-politika","category-son-haberler"],"_links":{"self":[{"href":"https:\/\/archive.sana.sy\/tr\/index.php?rest_route=\/wp\/v2\/posts\/234018","targetHints":{"allow":["GET"]}}],"collection":[{"href":"https:\/\/archive.sana.sy\/tr\/index.php?rest_route=\/wp\/v2\/posts"}],"about":[{"href":"https:\/\/archive.sana.sy\/tr\/index.php?rest_route=\/wp\/v2\/types\/post"}],"author":[{"embeddable":true,"href":"https:\/\/archive.sana.sy\/tr\/index.php?rest_route=\/wp\/v2\/users\/1"}],"replies":[{"embeddable":true,"href":"https:\/\/archive.sana.sy\/tr\/index.php?rest_route=%2Fwp%2Fv2%2Fcomments&post=234018"}],"version-history":[{"count":0,"href":"https:\/\/archive.sana.sy\/tr\/index.php?rest_route=\/wp\/v2\/posts\/234018\/revisions"}],"wp:featuredmedia":[{"embeddable":true,"href":"https:\/\/archive.sana.sy\/tr\/index.php?rest_route=\/wp\/v2\/media\/234051"}],"wp:attachment":[{"href":"https:\/\/archive.sana.sy\/tr\/index.php?rest_route=%2Fwp%2Fv2%2Fmedia&parent=234018"}],"wp:term":[{"taxonomy":"category","embeddable":true,"href":"https:\/\/archive.sana.sy\/tr\/index.php?rest_route=%2Fwp%2Fv2%2Fcategories&post=234018"},{"taxonomy":"post_tag","embeddable":true,"href":"https:\/\/archive.sana.sy\/tr\/index.php?rest_route=%2Fwp%2Fv2%2Ftags&post=234018"}],"curies":[{"name":"wp","href":"https:\/\/api.w.org\/{rel}","templated":true}]}}