{"id":234159,"date":"2021-05-17T15:08:58","date_gmt":"2021-05-17T12:08:58","guid":{"rendered":"http:\/\/107.6.182.27\/tr\/?p=234159"},"modified":"2021-05-18T16:48:41","modified_gmt":"2021-05-18T13:48:41","slug":"amerikan-isgali-calinti-suriye-petrolu-iraka-cikarmaya-devam-ediyor","status":"publish","type":"post","link":"https:\/\/archive.sana.sy\/tr\/?p=234159","title":{"rendered":"Amerikan \u0130\u015fgali \u00c7al\u0131nt\u0131 Suriye Petrol\u00fc Irak&#8217;a \u00c7\u0131karmaya Devam Ediyor"},"content":{"rendered":"<p>HASEKE \u2013 Amerikan i\u015fgal g\u00fc\u00e7leri el Cezire b\u00f6lgesinde Suriye zenginliklerini ya\u011fmalamaya devam ederek, bug\u00fcn \u00e7al\u0131nt\u0131 Suriye petrol\u00fc ta\u015f\u0131yan onlarca kamyon ve askeri ara\u00e7tan olu\u015fan bir konvoyu el Velid gayri me\u015fru s\u0131n\u0131r ge\u00e7i\u015fi \u00fczerinden Irak\u2019a do\u011fru \u00e7\u0131kar\u0131d.<\/p>\n<p>Haseke k\u0131rsal\u0131ndaki Yarubiye b\u00f6lgesinden yerel kaynaklar SANA muhabirine yapt\u0131klar\u0131 a\u00e7\u0131klamada, Amerikan i\u015fgalinin yakla\u015f\u0131k 40 ara\u00e7 ve kamyonundan olu\u015fan bir konvoyu Suriye ile Irak aras\u0131ndaki gayri me\u015fru el Velid s\u0131n\u0131r ge\u00e7i\u015fi \u00fczerinden Irak\u2019a do\u011fru \u00e7\u0131kard\u0131\u011f\u0131n\u0131 belirtti.<\/p>\n<p>Kaynaklar, konvoydaki tankerlerin \u00e7al\u0131nt\u0131 Suriye petrol\u00fc ta\u015f\u0131d\u0131klar\u0131na i\u015faret etti.<\/p>\n<p>P.M.<\/p>\n","protected":false},"excerpt":{"rendered":"<p>HASEKE \u2013 Amerikan i\u015fgal g\u00fc\u00e7leri el Cezire b\u00f6lgesinde Suriye zenginliklerini ya\u011fmalamaya devam ederek, bug\u00fcn \u00e7al\u0131nt\u0131 Suriye petrol\u00fc ta\u015f\u0131yan onlarca kamyon ve askeri ara\u00e7tan olu\u015fan bir konvoyu el Velid gayri me\u015fru s\u0131n\u0131r ge\u00e7i\u015fi \u00fczerinden Irak\u2019a do\u011fru \u00e7\u0131kar\u0131d. Haseke k\u0131rsal\u0131ndaki Yarubiye b\u00f6lgesinden yerel kaynaklar SANA muhabirine yapt\u0131klar\u0131 a\u00e7\u0131klamada, Amerikan i\u015fgalinin yakla\u015f\u0131k 40 ara\u00e7 ve kamyonundan olu\u015fan bir &hellip;<\/p>\n","protected":false},"author":1,"featured_media":234161,"comment_status":"closed","ping_status":"closed","sticky":false,"template":"","format":"standard","meta":{"footnotes":""},"categories":[479,575,17988,478],"tags":[],"class_list":["post-234159","post","type-post","status-publish","format-standard","has-post-thumbnail","","category-haberler-yerel","category-olaylar-ve-gercekler","category-son-haberler","category-yerel"],"_links":{"self":[{"href":"https:\/\/archive.sana.sy\/tr\/index.php?rest_route=\/wp\/v2\/posts\/234159","targetHints":{"allow":["GET"]}}],"collection":[{"href":"https:\/\/archive.sana.sy\/tr\/index.php?rest_route=\/wp\/v2\/posts"}],"about":[{"href":"https:\/\/archive.sana.sy\/tr\/index.php?rest_route=\/wp\/v2\/types\/post"}],"author":[{"embeddable":true,"href":"https:\/\/archive.sana.sy\/tr\/index.php?rest_route=\/wp\/v2\/users\/1"}],"replies":[{"embeddable":true,"href":"https:\/\/archive.sana.sy\/tr\/index.php?rest_route=%2Fwp%2Fv2%2Fcomments&post=234159"}],"version-history":[{"count":0,"href":"https:\/\/archive.sana.sy\/tr\/index.php?rest_route=\/wp\/v2\/posts\/234159\/revisions"}],"wp:featuredmedia":[{"embeddable":true,"href":"https:\/\/archive.sana.sy\/tr\/index.php?rest_route=\/wp\/v2\/media\/234161"}],"wp:attachment":[{"href":"https:\/\/archive.sana.sy\/tr\/index.php?rest_route=%2Fwp%2Fv2%2Fmedia&parent=234159"}],"wp:term":[{"taxonomy":"category","embeddable":true,"href":"https:\/\/archive.sana.sy\/tr\/index.php?rest_route=%2Fwp%2Fv2%2Fcategories&post=234159"},{"taxonomy":"post_tag","embeddable":true,"href":"https:\/\/archive.sana.sy\/tr\/index.php?rest_route=%2Fwp%2Fv2%2Ftags&post=234159"}],"curies":[{"name":"wp","href":"https:\/\/api.w.org\/{rel}","templated":true}]}}