{"id":234217,"date":"2021-05-18T13:05:33","date_gmt":"2021-05-18T10:05:33","guid":{"rendered":"http:\/\/107.6.182.27\/tr\/?p=234217"},"modified":"2021-05-19T08:09:24","modified_gmt":"2021-05-19T05:09:24","slug":"turk-isgaline-bagli-kiralik-cetelerinden-iki-unsur-patlama-sonucu-olduruldu","status":"publish","type":"post","link":"https:\/\/archive.sana.sy\/tr\/?p=234217","title":{"rendered":"T\u00fcrk \u0130\u015fgalinin Paral\u0131 \u00c7etelerinden \u0130ki Unsur Patlama Sonucu \u00d6ld\u00fcr\u00fcld\u00fc"},"content":{"rendered":"<p>HALEP \u2013 Halep k\u0131rsal\u0131n\u0131n kuzeyindeki Afrin Kentine tabi Rajo Nahiyesinde T\u00fcrk i\u015fgalinin kiral\u0131klar\u0131n\u0131n bulundu\u011fu bir karargah\u0131n civar\u0131nda meydana gelen patlama sonucu iki paral\u0131 \u00f6ld\u00fcr\u00fcld\u00fc.<\/p>\n<p>Yerel kaynaklar SANA muhabirine, &#8220;T\u00fcrk i\u015fgal \u00e7etelerinden ter\u00f6ristlerin Halep k\u0131rsal\u0131ndaki Afrin&#8217;in Rajo nahiyesinde konu\u015fland\u0131\u011f\u0131 karargahlardan birinin yak\u0131nlar\u0131nda bir patlama meydana geldi\u011fini&#8221; s\u00f6yledi.<\/p>\n<p>Kaynaklar, patlama sonucunda T\u00fcrk i\u015fgaline ba\u011fl\u0131 s\u00f6zde \u201cSamarkand Tugay\u0131\u201dndan iki paral\u0131n\u0131n \u00f6ld\u00fcr\u00fcld\u00fc\u011f\u00fcn\u00fc s\u00f6zlerine ekledi.<\/p>\n<p>&nbsp;<\/p>\n","protected":false},"excerpt":{"rendered":"<p>HALEP \u2013 Halep k\u0131rsal\u0131n\u0131n kuzeyindeki Afrin Kentine tabi Rajo Nahiyesinde T\u00fcrk i\u015fgalinin kiral\u0131klar\u0131n\u0131n bulundu\u011fu bir karargah\u0131n civar\u0131nda meydana gelen patlama sonucu iki paral\u0131 \u00f6ld\u00fcr\u00fcld\u00fc. Yerel kaynaklar SANA muhabirine, &#8220;T\u00fcrk i\u015fgal \u00e7etelerinden ter\u00f6ristlerin Halep k\u0131rsal\u0131ndaki Afrin&#8217;in Rajo nahiyesinde konu\u015fland\u0131\u011f\u0131 karargahlardan birinin yak\u0131nlar\u0131nda bir patlama meydana geldi\u011fini&#8221; s\u00f6yledi. Kaynaklar, patlama sonucunda T\u00fcrk i\u015fgaline ba\u011fl\u0131 s\u00f6zde \u201cSamarkand Tugay\u0131\u201dndan &hellip;<\/p>\n","protected":false},"author":1,"featured_media":234220,"comment_status":"closed","ping_status":"closed","sticky":false,"template":"","format":"standard","meta":{"footnotes":""},"categories":[479,575,17988,2554,2555,478],"tags":[4096,1132,29437,16591,37669],"class_list":["post-234217","post","type-post","status-publish","format-standard","has-post-thumbnail","","category-haberler-yerel","category-olaylar-ve-gercekler","category-son-haberler","category-suriye-ve-dunya","category-suriye-ve-turkiye","category-yerel","tag-afrin","tag-halep","tag-isgal","tag-suriye","tag-turk"],"_links":{"self":[{"href":"https:\/\/archive.sana.sy\/tr\/index.php?rest_route=\/wp\/v2\/posts\/234217","targetHints":{"allow":["GET"]}}],"collection":[{"href":"https:\/\/archive.sana.sy\/tr\/index.php?rest_route=\/wp\/v2\/posts"}],"about":[{"href":"https:\/\/archive.sana.sy\/tr\/index.php?rest_route=\/wp\/v2\/types\/post"}],"author":[{"embeddable":true,"href":"https:\/\/archive.sana.sy\/tr\/index.php?rest_route=\/wp\/v2\/users\/1"}],"replies":[{"embeddable":true,"href":"https:\/\/archive.sana.sy\/tr\/index.php?rest_route=%2Fwp%2Fv2%2Fcomments&post=234217"}],"version-history":[{"count":0,"href":"https:\/\/archive.sana.sy\/tr\/index.php?rest_route=\/wp\/v2\/posts\/234217\/revisions"}],"wp:featuredmedia":[{"embeddable":true,"href":"https:\/\/archive.sana.sy\/tr\/index.php?rest_route=\/wp\/v2\/media\/234220"}],"wp:attachment":[{"href":"https:\/\/archive.sana.sy\/tr\/index.php?rest_route=%2Fwp%2Fv2%2Fmedia&parent=234217"}],"wp:term":[{"taxonomy":"category","embeddable":true,"href":"https:\/\/archive.sana.sy\/tr\/index.php?rest_route=%2Fwp%2Fv2%2Fcategories&post=234217"},{"taxonomy":"post_tag","embeddable":true,"href":"https:\/\/archive.sana.sy\/tr\/index.php?rest_route=%2Fwp%2Fv2%2Ftags&post=234217"}],"curies":[{"name":"wp","href":"https:\/\/api.w.org\/{rel}","templated":true}]}}