{"id":23426,"date":"2015-02-09T12:53:52","date_gmt":"2015-02-09T10:53:52","guid":{"rendered":"http:\/\/www.sana.sy\/tr\/?p=23426"},"modified":"2015-02-09T12:51:22","modified_gmt":"2015-02-09T10:51:22","slug":"belarus-disisleri-bakani-mackay-ulkesinin-suriyenin-eskisinden-daha-guclu-bir-ulke-olarak-krizinden-cikabilecegine-guvendigini-ikili-isbirligi-icin-acik-imkanlara-da-buyuk-umutlar-bagladigin","status":"publish","type":"post","link":"https:\/\/archive.sana.sy\/tr\/?p=23426","title":{"rendered":"Belarus D\u0131\u015fi\u015fleri Bakan\u0131 MacKay, \u00fclkesinin Suriye\u2019nin eskisinden daha g\u00fc\u00e7l\u00fc bir \u00fclke olarak krizinden \u00e7\u0131kabilece\u011fine g\u00fcvendi\u011fini ikili i\u015fbirli\u011fi i\u00e7in a\u00e7\u0131k imkanlara da b\u00fcy\u00fck umutlar ba\u011flad\u0131\u011f\u0131n\u0131 s\u00f6yledi."},"content":{"rendered":"<p>Belarus D\u0131\u015fi\u015fleri Bakan\u0131 MacKay, \u00fclkesinin Suriye\u2019nin eskisinden daha g\u00fc\u00e7l\u00fc bir \u00fclke olarak krizinden \u00e7\u0131kabilece\u011fine g\u00fcvendi\u011fini ikili i\u015fbirli\u011fi i\u00e7in a\u00e7\u0131k imkanlara da b\u00fcy\u00fck umutlar ba\u011flad\u0131\u011f\u0131n\u0131 s\u00f6yledi.<\/p>\n","protected":false},"excerpt":{"rendered":"<p>Belarus D\u0131\u015fi\u015fleri Bakan\u0131 MacKay, \u00fclkesinin Suriye\u2019nin eskisinden daha g\u00fc\u00e7l\u00fc bir \u00fclke olarak krizinden \u00e7\u0131kabilece\u011fine g\u00fcvendi\u011fini ikili i\u015fbirli\u011fi i\u00e7in a\u00e7\u0131k imkanlara da b\u00fcy\u00fck umutlar ba\u011flad\u0131\u011f\u0131n\u0131 s\u00f6yledi.<\/p>\n","protected":false},"author":1,"featured_media":0,"comment_status":"closed","ping_status":"closed","sticky":false,"template":"","format":"standard","meta":{"footnotes":""},"categories":[1],"tags":[11353,11354],"class_list":["post-23426","post","type-post","status-publish","format-standard","","category-news-not-sorted","tag-belarus-disisleri-bakani-mackay","tag-ulkesinin-suriyenin-eskisinden-daha-guclu-bir-ulke-olarak-krizinden-cikabilecegine-guvendigini-ikili-isbirligi-icin-acik-imkanlara-da-buyuk-umutlar-bagladigini-soyledi"],"_links":{"self":[{"href":"https:\/\/archive.sana.sy\/tr\/index.php?rest_route=\/wp\/v2\/posts\/23426","targetHints":{"allow":["GET"]}}],"collection":[{"href":"https:\/\/archive.sana.sy\/tr\/index.php?rest_route=\/wp\/v2\/posts"}],"about":[{"href":"https:\/\/archive.sana.sy\/tr\/index.php?rest_route=\/wp\/v2\/types\/post"}],"author":[{"embeddable":true,"href":"https:\/\/archive.sana.sy\/tr\/index.php?rest_route=\/wp\/v2\/users\/1"}],"replies":[{"embeddable":true,"href":"https:\/\/archive.sana.sy\/tr\/index.php?rest_route=%2Fwp%2Fv2%2Fcomments&post=23426"}],"version-history":[{"count":0,"href":"https:\/\/archive.sana.sy\/tr\/index.php?rest_route=\/wp\/v2\/posts\/23426\/revisions"}],"wp:attachment":[{"href":"https:\/\/archive.sana.sy\/tr\/index.php?rest_route=%2Fwp%2Fv2%2Fmedia&parent=23426"}],"wp:term":[{"taxonomy":"category","embeddable":true,"href":"https:\/\/archive.sana.sy\/tr\/index.php?rest_route=%2Fwp%2Fv2%2Fcategories&post=23426"},{"taxonomy":"post_tag","embeddable":true,"href":"https:\/\/archive.sana.sy\/tr\/index.php?rest_route=%2Fwp%2Fv2%2Ftags&post=23426"}],"curies":[{"name":"wp","href":"https:\/\/api.w.org\/{rel}","templated":true}]}}