{"id":234298,"date":"2021-05-18T11:05:18","date_gmt":"2021-05-18T08:05:18","guid":{"rendered":"http:\/\/107.6.182.27\/tr\/?p=234298"},"modified":"2021-05-19T08:09:10","modified_gmt":"2021-05-19T05:09:10","slug":"dsg-milislerinin-kursunuyla-deyrezzor-kirsalindaki-el-seude-koyde-iki-vatandas-sehit-dustu","status":"publish","type":"post","link":"https:\/\/archive.sana.sy\/tr\/?p=234298","title":{"rendered":"&#8220;DSG&#8221; Milislerinin Kur\u015funuyla Deyrezzor K\u0131rsal\u0131ndaki El Seude K\u00f6yde \u0130ki Vatanda\u015f \u015eehit D\u00fc\u015ft\u00fc"},"content":{"rendered":"<p>DEYREZZOR \u2013 Amerikan i\u015fgalinden destekli &#8220;DSG&#8221; milisleri Deyrezzor k\u0131rsal\u0131n\u0131n bat\u0131s\u0131ndaki el Seude k\u00f6y\u00fcne bask\u0131n d\u00fczenledi ve bunun s\u0131ras\u0131nda iki vatanda\u015f \u015fehit d\u00fc\u015ft\u00fc.<\/p>\n<p>B\u00f6lge kaynaklar\u0131 SANA muhabirine yapt\u0131klar\u0131 a\u00e7\u0131klamada, DSG milislerinden silahl\u0131 gruplar\u0131n bug\u00fcn sabah saatlerinde Deyrezzor k\u0131rsal\u0131n\u0131n bat\u0131s\u0131ndaki el Seude k\u00f6y\u00fcne bask\u0131n d\u00fczenledklerini belirtirken, k\u00f6y sakinlerine ait bir daireye girdikleri s\u0131ras\u0131nda ev sahipleri ile \u00e7at\u0131\u015fman\u0131n yer ald\u0131\u011f\u0131na ve bunun sonucunda ev sahibinin ve o\u011flunun \u015fehit d\u00fc\u015ft\u00fcklerine i\u015fare etti.<\/p>\n<p>P.M.<\/p>\n","protected":false},"excerpt":{"rendered":"<p>DEYREZZOR \u2013 Amerikan i\u015fgalinden destekli &#8220;DSG&#8221; milisleri Deyrezzor k\u0131rsal\u0131n\u0131n bat\u0131s\u0131ndaki el Seude k\u00f6y\u00fcne bask\u0131n d\u00fczenledi ve bunun s\u0131ras\u0131nda iki vatanda\u015f \u015fehit d\u00fc\u015ft\u00fc. B\u00f6lge kaynaklar\u0131 SANA muhabirine yapt\u0131klar\u0131 a\u00e7\u0131klamada, DSG milislerinden silahl\u0131 gruplar\u0131n bug\u00fcn sabah saatlerinde Deyrezzor k\u0131rsal\u0131n\u0131n bat\u0131s\u0131ndaki el Seude k\u00f6y\u00fcne bask\u0131n d\u00fczenledklerini belirtirken, k\u00f6y sakinlerine ait bir daireye girdikleri s\u0131ras\u0131nda ev sahipleri ile \u00e7at\u0131\u015fman\u0131n &hellip;<\/p>\n","protected":false},"author":1,"featured_media":234301,"comment_status":"closed","ping_status":"closed","sticky":false,"template":"","format":"standard","meta":{"footnotes":""},"categories":[479,575,17988,478],"tags":[],"class_list":["post-234298","post","type-post","status-publish","format-standard","has-post-thumbnail","","category-haberler-yerel","category-olaylar-ve-gercekler","category-son-haberler","category-yerel"],"_links":{"self":[{"href":"https:\/\/archive.sana.sy\/tr\/index.php?rest_route=\/wp\/v2\/posts\/234298","targetHints":{"allow":["GET"]}}],"collection":[{"href":"https:\/\/archive.sana.sy\/tr\/index.php?rest_route=\/wp\/v2\/posts"}],"about":[{"href":"https:\/\/archive.sana.sy\/tr\/index.php?rest_route=\/wp\/v2\/types\/post"}],"author":[{"embeddable":true,"href":"https:\/\/archive.sana.sy\/tr\/index.php?rest_route=\/wp\/v2\/users\/1"}],"replies":[{"embeddable":true,"href":"https:\/\/archive.sana.sy\/tr\/index.php?rest_route=%2Fwp%2Fv2%2Fcomments&post=234298"}],"version-history":[{"count":0,"href":"https:\/\/archive.sana.sy\/tr\/index.php?rest_route=\/wp\/v2\/posts\/234298\/revisions"}],"wp:featuredmedia":[{"embeddable":true,"href":"https:\/\/archive.sana.sy\/tr\/index.php?rest_route=\/wp\/v2\/media\/234301"}],"wp:attachment":[{"href":"https:\/\/archive.sana.sy\/tr\/index.php?rest_route=%2Fwp%2Fv2%2Fmedia&parent=234298"}],"wp:term":[{"taxonomy":"category","embeddable":true,"href":"https:\/\/archive.sana.sy\/tr\/index.php?rest_route=%2Fwp%2Fv2%2Fcategories&post=234298"},{"taxonomy":"post_tag","embeddable":true,"href":"https:\/\/archive.sana.sy\/tr\/index.php?rest_route=%2Fwp%2Fv2%2Ftags&post=234298"}],"curies":[{"name":"wp","href":"https:\/\/api.w.org\/{rel}","templated":true}]}}