{"id":23430,"date":"2015-02-09T13:05:28","date_gmt":"2015-02-09T11:05:28","guid":{"rendered":"http:\/\/www.sana.sy\/tr\/?p=23430"},"modified":"2015-02-09T13:02:59","modified_gmt":"2015-02-09T11:02:59","slug":"muallim-suriye-urdunlu-pilot-muaz-el-kesasbenin-isid-teroristlerince-hunharca-oldurulmesiyle-sonuclanan-teror-katliamini-kinadigini-urdunun-terorle-mucadele-karari-almak-icin-bagim","status":"publish","type":"post","link":"https:\/\/archive.sana.sy\/tr\/?p=23430","title":{"rendered":"Muallim, Suriye \u00dcrd\u00fcnl\u00fc pilot Muaz el Kesasbe\u2019nin I\u015e\u0130D ter\u00f6ristlerince hunharca \u00f6ld\u00fcr\u00fclmesiyle sonu\u00e7lanan ter\u00f6r katliam\u0131n\u0131 k\u0131nad\u0131\u011f\u0131n\u0131, \u00dcrd\u00fcn\u2019\u00fcn ter\u00f6rle m\u00fccadele karar\u0131 almak i\u00e7in ba\u011f\u0131ms\u0131z bir karara sahip olmad\u0131\u011f\u0131n\u0131 daha \u00f6nceden bilmesine ra\u011fmen  \u00dcrd\u00fcn h\u00fck\u00fcmetine Suriye ile koordinasyon yapma daveti y\u00f6nelttiklerini s\u00f6yledi."},"content":{"rendered":"<p>Muallim, Suriye \u00dcrd\u00fcnl\u00fc pilot Muaz el Kesasbe\u2019nin I\u015e\u0130D ter\u00f6ristlerince hunharca \u00f6ld\u00fcr\u00fclmesiyle sonu\u00e7lanan ter\u00f6r katliam\u0131n\u0131 k\u0131nad\u0131\u011f\u0131n\u0131, \u00dcrd\u00fcn\u2019\u00fcn ter\u00f6rle m\u00fccadele karar\u0131 almak i\u00e7in ba\u011f\u0131ms\u0131z bir karara sahip olmad\u0131\u011f\u0131n\u0131 daha \u00f6nceden bilmesine ra\u011fmen \u00a0\u00dcrd\u00fcn h\u00fck\u00fcmetine Suriye ile koordinasyon yapma daveti y\u00f6nelttiklerini s\u00f6yledi.<\/p>\n","protected":false},"excerpt":{"rendered":"<p>Muallim, Suriye \u00dcrd\u00fcnl\u00fc pilot Muaz el Kesasbe\u2019nin I\u015e\u0130D ter\u00f6ristlerince hunharca \u00f6ld\u00fcr\u00fclmesiyle sonu\u00e7lanan ter\u00f6r katliam\u0131n\u0131 k\u0131nad\u0131\u011f\u0131n\u0131, \u00dcrd\u00fcn\u2019\u00fcn ter\u00f6rle m\u00fccadele karar\u0131 almak i\u00e7in ba\u011f\u0131ms\u0131z bir karara sahip olmad\u0131\u011f\u0131n\u0131 daha \u00f6nceden bilmesine ra\u011fmen \u00a0\u00dcrd\u00fcn h\u00fck\u00fcmetine Suriye ile koordinasyon yapma daveti y\u00f6nelttiklerini s\u00f6yledi.<\/p>\n","protected":false},"author":1,"featured_media":0,"comment_status":"closed","ping_status":"closed","sticky":false,"template":"","format":"standard","meta":{"footnotes":""},"categories":[1],"tags":[7665,11356,11357],"class_list":["post-23430","post","type-post","status-publish","format-standard","","category-news-not-sorted","tag-muallim","tag-suriye-urdunlu-pilot-muaz-el-kesasbenin-isid-teroristlerince-hunharca-oldurulmesiyle-sonuclanan-teror-katliamini-kinadigini","tag-urdunun-terorle-mucadele-karari-almak-icin-bagimsiz-bir-karara-sahip-olmadigini-daha-onceden-bilmesine-ragmen-urdun-hukumetine-suriye-ile-koordinasyon-yapma-daveti-yonelttiklerini-soyledi"],"_links":{"self":[{"href":"https:\/\/archive.sana.sy\/tr\/index.php?rest_route=\/wp\/v2\/posts\/23430","targetHints":{"allow":["GET"]}}],"collection":[{"href":"https:\/\/archive.sana.sy\/tr\/index.php?rest_route=\/wp\/v2\/posts"}],"about":[{"href":"https:\/\/archive.sana.sy\/tr\/index.php?rest_route=\/wp\/v2\/types\/post"}],"author":[{"embeddable":true,"href":"https:\/\/archive.sana.sy\/tr\/index.php?rest_route=\/wp\/v2\/users\/1"}],"replies":[{"embeddable":true,"href":"https:\/\/archive.sana.sy\/tr\/index.php?rest_route=%2Fwp%2Fv2%2Fcomments&post=23430"}],"version-history":[{"count":0,"href":"https:\/\/archive.sana.sy\/tr\/index.php?rest_route=\/wp\/v2\/posts\/23430\/revisions"}],"wp:attachment":[{"href":"https:\/\/archive.sana.sy\/tr\/index.php?rest_route=%2Fwp%2Fv2%2Fmedia&parent=23430"}],"wp:term":[{"taxonomy":"category","embeddable":true,"href":"https:\/\/archive.sana.sy\/tr\/index.php?rest_route=%2Fwp%2Fv2%2Fcategories&post=23430"},{"taxonomy":"post_tag","embeddable":true,"href":"https:\/\/archive.sana.sy\/tr\/index.php?rest_route=%2Fwp%2Fv2%2Ftags&post=23430"}],"curies":[{"name":"wp","href":"https:\/\/api.w.org\/{rel}","templated":true}]}}