{"id":23432,"date":"2015-02-09T13:09:18","date_gmt":"2015-02-09T11:09:18","guid":{"rendered":"http:\/\/www.sana.sy\/tr\/?p=23432"},"modified":"2015-02-09T13:07:50","modified_gmt":"2015-02-09T11:07:50","slug":"muallim-urdunun-topraklari-uzerinde-amerikanin-denetimiyle-kurulan-kamplarda-egitildikten-sonra-sinirlari-kanaliyla-suriyeye-terorist-gonderme-eyleminin-bir-parcasi-oldugun","status":"publish","type":"post","link":"https:\/\/archive.sana.sy\/tr\/?p=23432","title":{"rendered":"Muallim, \u00dcrd\u00fcn\u2019\u00fcn topraklar\u0131 \u00fczerinde Amerika\u2019n\u0131n denetimiyle kurulan kamplarda e\u011fitildikten sonra s\u0131n\u0131rlar\u0131 kanal\u0131yla Suriye\u2019ye ter\u00f6rist g\u00f6nderme eyleminin bir par\u00e7as\u0131 oldu\u011funu, I\u015e\u0130D\u2019le sebepleri do\u011frultusunda sava\u015ft\u0131\u011f\u0131n\u0131 kendi s\u0131n\u0131rlar\u0131 \u00fczerindeki Nusra Cephesiyle sava\u015fmad\u0131\u011f\u0131na dikkat \u00e7ekti."},"content":{"rendered":"<p>Muallim, \u00dcrd\u00fcn\u2019\u00fcn topraklar\u0131 \u00fczerinde Amerika\u2019n\u0131n denetimiyle kurulan kamplarda e\u011fitildikten sonra s\u0131n\u0131rlar\u0131 kanal\u0131yla Suriye\u2019ye ter\u00f6rist g\u00f6nderme eyleminin bir par\u00e7as\u0131 oldu\u011funu, I\u015e\u0130D\u2019le sebepleri do\u011frultusunda sava\u015ft\u0131\u011f\u0131n\u0131 kendi s\u0131n\u0131rlar\u0131 \u00fczerindeki Nusra Cephesiyle sava\u015fmad\u0131\u011f\u0131na dikkat \u00e7ekti.<\/p>\n","protected":false},"excerpt":{"rendered":"<p>Muallim, \u00dcrd\u00fcn\u2019\u00fcn topraklar\u0131 \u00fczerinde Amerika\u2019n\u0131n denetimiyle kurulan kamplarda e\u011fitildikten sonra s\u0131n\u0131rlar\u0131 kanal\u0131yla Suriye\u2019ye ter\u00f6rist g\u00f6nderme eyleminin bir par\u00e7as\u0131 oldu\u011funu, I\u015e\u0130D\u2019le sebepleri do\u011frultusunda sava\u015ft\u0131\u011f\u0131n\u0131 kendi s\u0131n\u0131rlar\u0131 \u00fczerindeki Nusra Cephesiyle sava\u015fmad\u0131\u011f\u0131na dikkat \u00e7ekti.<\/p>\n","protected":false},"author":1,"featured_media":0,"comment_status":"closed","ping_status":"closed","sticky":false,"template":"","format":"standard","meta":{"footnotes":""},"categories":[1],"tags":[11359,7665,11358],"class_list":["post-23432","post","type-post","status-publish","format-standard","","category-news-not-sorted","tag-isidle-sebepleri-dogrultusunda-savastigini-kendi-sinirlari-uzerindeki-nusra-cephesiyle-savasmadigina-dikkat-cekti","tag-muallim","tag-urdunun-topraklari-uzerinde-amerikanin-denetimiyle-kurulan-kamplarda-egitildikten-sonra-sinirlari-kanaliyla-suriyeye-terorist-gonderme-eyleminin-bir-parcasi-oldugunu"],"_links":{"self":[{"href":"https:\/\/archive.sana.sy\/tr\/index.php?rest_route=\/wp\/v2\/posts\/23432","targetHints":{"allow":["GET"]}}],"collection":[{"href":"https:\/\/archive.sana.sy\/tr\/index.php?rest_route=\/wp\/v2\/posts"}],"about":[{"href":"https:\/\/archive.sana.sy\/tr\/index.php?rest_route=\/wp\/v2\/types\/post"}],"author":[{"embeddable":true,"href":"https:\/\/archive.sana.sy\/tr\/index.php?rest_route=\/wp\/v2\/users\/1"}],"replies":[{"embeddable":true,"href":"https:\/\/archive.sana.sy\/tr\/index.php?rest_route=%2Fwp%2Fv2%2Fcomments&post=23432"}],"version-history":[{"count":0,"href":"https:\/\/archive.sana.sy\/tr\/index.php?rest_route=\/wp\/v2\/posts\/23432\/revisions"}],"wp:attachment":[{"href":"https:\/\/archive.sana.sy\/tr\/index.php?rest_route=%2Fwp%2Fv2%2Fmedia&parent=23432"}],"wp:term":[{"taxonomy":"category","embeddable":true,"href":"https:\/\/archive.sana.sy\/tr\/index.php?rest_route=%2Fwp%2Fv2%2Fcategories&post=23432"},{"taxonomy":"post_tag","embeddable":true,"href":"https:\/\/archive.sana.sy\/tr\/index.php?rest_route=%2Fwp%2Fv2%2Ftags&post=23432"}],"curies":[{"name":"wp","href":"https:\/\/api.w.org\/{rel}","templated":true}]}}