{"id":23454,"date":"2015-02-09T20:20:04","date_gmt":"2015-02-09T18:20:04","guid":{"rendered":"http:\/\/www.sana.sy\/tr\/?p=23454"},"modified":"2015-02-10T09:37:57","modified_gmt":"2015-02-10T07:37:57","slug":"terorle-mucadele-ve-yerel-uzlasmalari-azimle-surdurecegiz","status":"publish","type":"post","link":"https:\/\/archive.sana.sy\/tr\/?p=23454","title":{"rendered":"Ter\u00f6rle M\u00fccadele ve Yerel Uzla\u015fmalar\u0131 Azimle S\u00fcrd\u00fcrece\u011fiz"},"content":{"rendered":"<p>\u015eAM \u2013 Ba\u015fbakan Yard\u0131mc\u0131s\u0131 D\u0131\u015fi\u015fleri ve Gurbet\u00e7iler Bakan\u0131 Velid Muallim Belarus D\u0131\u015fi\u015fleri Bakan\u0131 Vladimir MacKay ile ortak bir bas\u0131n toplant\u0131s\u0131 d\u00fczenledi.<\/p>\n<p>Muallim bas\u0131n toplant\u0131s\u0131nda, Mackey ile bulundu\u011fu temaslar\u0131 yap\u0131c\u0131 ve olumlu olarak nitelendirdi. MacKay\u2019\u0131n Suriye&#8217;yi ziyaret etmesinin zaman\u0131na i\u015faret eden Muallim; bunun Belarus\u2019un Cumhurba\u015fkan\u0131 Be\u015f\u015far Esad y\u00f6netimindeki Suriye\u2019nin tutumunu destekledi\u011finin bir g\u00f6stergesi oldu\u011funa dikkat \u00e7ekti.<\/p>\n<p><span style=\"color: #0000ff\">\u00dcrd\u00fcn Ba\u011f\u0131ms\u0131z Karara Sahip De\u011fildir<\/span><\/p>\n<p>Suriye&#8217;nin \u00dcrd\u00fcnl\u00fc pilot Muaz el Kesasibe\u2019nin I\u015e\u0130D ter\u00f6ristlerince hunharca \u00f6ld\u00fcr\u00fclmesiyle temsil olan ter\u00f6r\u00fc k\u0131nad\u0131\u011f\u0131<a href=\"http:\/\/www.sana.sy\/tr\/wp-content\/uploads\/2015\/02\/Muallim-2.jpg\"><img loading=\"lazy\" decoding=\"async\" class=\"alignright wp-image-23457 size-medium\" src=\"http:\/\/www.sana.sy\/tr\/wp-content\/uploads\/2015\/02\/Muallim-2-300x180.jpg\" alt=\"Muallim 2\" width=\"300\" height=\"180\" srcset=\"https:\/\/archive.sana.sy\/tr\/wp-content\/uploads\/2015\/02\/Muallim-2-300x180.jpg 300w, https:\/\/archive.sana.sy\/tr\/wp-content\/uploads\/2015\/02\/Muallim-2-150x90.jpg 150w, https:\/\/archive.sana.sy\/tr\/wp-content\/uploads\/2015\/02\/Muallim-2-1024x615.jpg 1024w\" sizes=\"auto, (max-width: 300px) 100vw, 300px\" \/><\/a>n\u0131 ifade eden Muallim, \u00dcrd\u00fcn\u2019\u00fcn ter\u00f6rle m\u00fccadele karar\u0131 almak i\u00e7in ba\u011f\u0131ms\u0131z bir karara sahip olmad\u0131\u011f\u0131na dikkat \u00e7ekti. Muallim bunun daha \u00f6nceden bilinmesine ra\u011fmen \u00dcrd\u00fcn h\u00fck\u00fcmetine ter\u00f6rle m\u00fccadelede Suriye ile koordinasyon yapma daveti y\u00f6neltildi\u011fini s\u00f6yledi.<\/p>\n<p>Muallim, \u00dcrd\u00fcn\u2019\u00fcn ABD\u2019nin denetimiyle topraklar\u0131 \u00fczerinde kurulan kamplarda e\u011fitildikten sonra s\u0131n\u0131rlar\u0131 \u00fczerinden Suriye\u2019ye ter\u00f6rist g\u00f6nderilmesinin bir par\u00e7as\u0131 oldu\u011funu belirtti. \u00dcrd\u00fcn\u2019\u00fcn kendine has nedenlerle I\u015e\u0130D\u2019e kar\u015f\u0131 sava\u015ft\u0131\u011f\u0131na vurgu yapan Muallim; \u00dcrd\u00fcn s\u0131n\u0131rlar\u0131nda bulunan ve \u00dcrd\u00fcn topraklar\u0131 \u00fczerinden Suriye&#8217;ye ge\u00e7ip her t\u00fcrl\u00fc vah\u015feti i\u015fleyen Nusra Cephesi ve di\u011fer ter\u00f6ristlerle sava\u015fmad\u0131\u011f\u0131na dikkat \u00e7ekti.<\/p>\n<p><span style=\"color: #0000ff\">I\u015e\u0130D\u2019e Kar\u015f\u0131 Sava\u015fta Yabanc\u0131 Kara G\u00fc\u00e7lere \u0130htiyac\u0131m\u0131z Yoktur<\/span><\/p>\n<p>S\u00f6zlerine devam eden Muallim: \u201ckimsenin ulusal egemenli\u011fimizi ihlal etmesine izin vermeyece\u011fiz. I\u015e\u0130D\u2019e kar\u015f\u0131 sava\u015f\u0131m\u0131zda da yabanc\u0131 kara g\u00fc\u00e7lerin Suriye&#8217;ye girmelerine ihtiyac\u0131m\u0131z yoktur. Suriye Arap Ordusu\u00a0 bu g\u00f6revi tam bir kahramanl\u0131kla yerine getirmektedir..\u201d dedi.<\/p>\n<p><span style=\"color: #0000ff\">Ter\u00f6rle M\u00fccadele ve Yerel Uzla\u015fmalar \u00d6nceliktir<\/span><\/p>\n<p>Muallim, Suriye&#8217;de siyasi \u00e7\u00f6z\u00fcme varman\u0131n vesilesi olarak\u00a0 ter\u00f6rle m\u00fccadele ve yerel uzla\u015fmalar\u0131n \u00f6ncelikler aras\u0131nda oldu\u011funu belirtti.<\/p>\n<p>Ter\u00f6r kaynaklar\u0131n\u0131n kurutulmas\u0131na \u00f6ncelik tan\u0131yacak her \u00e7abaya Suriye&#8217;nin olumlu yakla\u015faca\u011f\u0131n\u0131 belirten Muallim; Suriye&#8217;nin ayn\u0131 zamanda Suriyeli-Suriyeli diyalog \u00fczerinde \u0131srar etti\u011fini s\u00f6yledi.<\/p>\n<p>Moskova bulu\u015fmas\u0131n\u0131 sunmas\u0131ndan dolay\u0131 Rus dostlara \u015f\u00fckranlar\u0131n\u0131 belirten Muallim, Rusya\u2019n\u0131n yapt\u0131\u011f\u0131n\u0131 bat\u0131n\u0131n ba\u015farmad\u0131\u011f\u0131na i\u015faret etti. Mu<a href=\"http:\/\/www.sana.sy\/tr\/wp-content\/uploads\/2015\/02\/Muallim-3.jpg\"><img loading=\"lazy\" decoding=\"async\" class=\"alignright wp-image-23459 size-medium\" src=\"http:\/\/www.sana.sy\/tr\/wp-content\/uploads\/2015\/02\/Muallim-3-300x164.jpg\" alt=\"Muallim 3\" width=\"300\" height=\"164\" srcset=\"https:\/\/archive.sana.sy\/tr\/wp-content\/uploads\/2015\/02\/Muallim-3-300x164.jpg 300w, https:\/\/archive.sana.sy\/tr\/wp-content\/uploads\/2015\/02\/Muallim-3-150x82.jpg 150w, https:\/\/archive.sana.sy\/tr\/wp-content\/uploads\/2015\/02\/Muallim-3-1024x560.jpg 1024w\" sizes=\"auto, (max-width: 300px) 100vw, 300px\" \/><\/a>allim Suriye&#8217;nin de bu \u00e7abalar\u0131 s\u00fcrd\u00fcrmekle birlikte \u015eam\u2019da Suriyeli-Suriyeli diyaloga varma \u0131srar\u0131 ve kararl\u0131l\u0131\u011f\u0131nda oldu\u011funu ifade etti.<\/p>\n<p>BM Suriye \u00f6zel temsilcisi Stafan de Mistura\u2019n\u0131n sava\u015f\u0131 dondurma giri\u015fimi konusunda ise Muallim; bu giri\u015fimin sadece Halep Kentini kapsad\u0131\u011f\u0131n\u0131, k\u0131rsalla ilgisi olmad\u0131\u011f\u0131na dikkat \u00e7ekti. Muallim Halep Kentinde g\u00fcvenlik ve istikrar\u0131n sa\u011flanmas\u0131, birli\u011fin peki\u015ftirilmesi ve kentte ya\u015fam\u0131n normale d\u00f6nmesine \u00f6zeni \u00e7er\u00e7evesinde Suriye&#8217;nin bu giri\u015fime s\u0131cak yakla\u015ft\u0131\u011f\u0131n\u0131 belirtti.<\/p>\n<p>Suriye&#8217;nin \u00f6zellikle insani alanlarda g\u00f6rev yapanlar ba\u015fta olmak \u00fczere uluslar aras\u0131 \u00f6rg\u00fctlerle i\u015fbirli\u011finin insani yard\u0131mlar\u0131n politikle\u015ftirilmemesi gere\u011fine bir vurgu oldu\u011funu ifade eden Muallim; insani g\u00f6revler yapan uluslar aras\u0131 \u00f6rg\u00fctlerin de politikle\u015ftirilmemeleri gerekti\u011fini belirtti.<\/p>\n<p><span style=\"color: #0000ff\">\u0130kili \u0130li\u015fkileri Muhtelif Alanlarda Daha \u00c7ok Geli\u015ftirece\u011fiz<\/span><\/p>\n<p>Bas\u0131n toplant\u0131s\u0131nda konu\u015fan Belarus D\u0131\u015fi\u015fleri Bakan\u0131 MacKay, \u00fclkesinin Suriye\u2019nin eskisinden daha g\u00fc\u00e7l\u00fc bir \u00fclke olarak krizinden \u00e7\u0131kabilece\u011fine g\u00fcvendi\u011fini ifade etti.<\/p>\n<p>MacKay; Suriye ile ikili i\u015fbirli\u011fi i\u00e7in a\u00e7\u0131k imkanlara da b\u00fcy\u00fck umutlar ba\u011flad\u0131\u011f\u0131n\u0131 s\u00f6yledi.Belarus\u2019un Suriye ile bug\u00fcn imzalanan ikili ittif<a href=\"http:\/\/www.sana.sy\/tr\/wp-content\/uploads\/2015\/02\/Muallim-4.jpg\"><img loading=\"lazy\" decoding=\"async\" class=\"alignright wp-image-23460 size-medium\" src=\"http:\/\/www.sana.sy\/tr\/wp-content\/uploads\/2015\/02\/Muallim-4-300x145.jpg\" alt=\"Muallim 4\" width=\"300\" height=\"145\" srcset=\"https:\/\/archive.sana.sy\/tr\/wp-content\/uploads\/2015\/02\/Muallim-4-300x145.jpg 300w, https:\/\/archive.sana.sy\/tr\/wp-content\/uploads\/2015\/02\/Muallim-4-150x72.jpg 150w, https:\/\/archive.sana.sy\/tr\/wp-content\/uploads\/2015\/02\/Muallim-4-1024x494.jpg 1024w\" sizes=\"auto, (max-width: 300px) 100vw, 300px\" \/><\/a>aklar ve Suriye\u2019nin ekonomik kaynaklar\u0131n\u0131 geli\u015ftirmede yard\u0131mc\u0131 olmaya haz\u0131r oldu\u011funu belirten MacKay; iki \u00fclke aras\u0131ndaki \u00e7ok y\u00f6nl\u00fc ileti\u015fimin geni\u015fletilece\u011fini a\u00e7\u0131klad\u0131.<\/p>\n<p>MacKay, uluslararas\u0131 toplumu ter\u00f6rle m\u00fccadele ve Suriye\u2019deki krizi bar\u0131\u015f\u00e7\u0131l yollarla \u00e7\u00f6zmeye \u00e7al\u0131\u015fmaya \u00e7a\u011f\u0131r\u0131rken \u00fclkesinin herhangi bir \u00fclkenin i\u00e7i\u015flerine d\u0131\u015f m\u00fcdahalenin b\u00fct\u00fcn \u015fekillerine kar\u015f\u0131 oldu\u011funu belirtti.<\/p>\n<p>MacKay, ter\u00f6ristleri iyi ve k\u00f6t\u00fc diye s\u0131n\u0131fland\u0131rman\u0131n mant\u0131ks\u0131zl\u0131\u011f\u0131na dikkat \u00e7ekerken; Suriye h\u00fck\u00fcmetinin ter\u00f6r\u00fcn b\u00fct\u00fcn \u015fekilleriyle m\u00fccadele edenlerin ba\u015f\u0131nda yer ald\u0131\u011f\u0131na vurgu yapt\u0131.<\/p>\n<p>A.A. &#8211; S.\u015e.<\/p>\n","protected":false},"excerpt":{"rendered":"<p>\u015eAM \u2013 Ba\u015fbakan Yard\u0131mc\u0131s\u0131 D\u0131\u015fi\u015fleri ve Gurbet\u00e7iler Bakan\u0131 Velid Muallim Belarus D\u0131\u015fi\u015fleri Bakan\u0131 Vladimir MacKay ile ortak bir bas\u0131n toplant\u0131s\u0131 d\u00fczenledi. Muallim bas\u0131n toplant\u0131s\u0131nda, Mackey ile bulundu\u011fu temaslar\u0131 yap\u0131c\u0131 ve olumlu olarak nitelendirdi. MacKay\u2019\u0131n Suriye&#8217;yi ziyaret etmesinin zaman\u0131na i\u015faret eden Muallim; bunun Belarus\u2019un Cumhurba\u015fkan\u0131 Be\u015f\u015far Esad y\u00f6netimindeki Suriye\u2019nin tutumunu destekledi\u011finin bir g\u00f6stergesi oldu\u011funa dikkat \u00e7ekti. &hellip;<\/p>\n","protected":false},"author":1,"featured_media":23455,"comment_status":"closed","ping_status":"closed","sticky":false,"template":"","format":"standard","meta":{"footnotes":""},"categories":[479,478],"tags":[11372],"class_list":["post-23454","post","type-post","status-publish","format-standard","has-post-thumbnail","","category-haberler-yerel","category-yerel","tag-terorle-mucadele-ve-yerel-uzlasmalari-azimle-surdurecegiz-sam-basbakan-yardimcisi-disisleri-ve-gurbetciler-bakani-velid-muallim-belarus-disisleri-bakani-vladimir-mackay-ile-ortak-bir-basin-t"],"_links":{"self":[{"href":"https:\/\/archive.sana.sy\/tr\/index.php?rest_route=\/wp\/v2\/posts\/23454","targetHints":{"allow":["GET"]}}],"collection":[{"href":"https:\/\/archive.sana.sy\/tr\/index.php?rest_route=\/wp\/v2\/posts"}],"about":[{"href":"https:\/\/archive.sana.sy\/tr\/index.php?rest_route=\/wp\/v2\/types\/post"}],"author":[{"embeddable":true,"href":"https:\/\/archive.sana.sy\/tr\/index.php?rest_route=\/wp\/v2\/users\/1"}],"replies":[{"embeddable":true,"href":"https:\/\/archive.sana.sy\/tr\/index.php?rest_route=%2Fwp%2Fv2%2Fcomments&post=23454"}],"version-history":[{"count":0,"href":"https:\/\/archive.sana.sy\/tr\/index.php?rest_route=\/wp\/v2\/posts\/23454\/revisions"}],"wp:featuredmedia":[{"embeddable":true,"href":"https:\/\/archive.sana.sy\/tr\/index.php?rest_route=\/wp\/v2\/media\/23455"}],"wp:attachment":[{"href":"https:\/\/archive.sana.sy\/tr\/index.php?rest_route=%2Fwp%2Fv2%2Fmedia&parent=23454"}],"wp:term":[{"taxonomy":"category","embeddable":true,"href":"https:\/\/archive.sana.sy\/tr\/index.php?rest_route=%2Fwp%2Fv2%2Fcategories&post=23454"},{"taxonomy":"post_tag","embeddable":true,"href":"https:\/\/archive.sana.sy\/tr\/index.php?rest_route=%2Fwp%2Fv2%2Ftags&post=23454"}],"curies":[{"name":"wp","href":"https:\/\/api.w.org\/{rel}","templated":true}]}}