{"id":23493,"date":"2015-02-09T19:42:02","date_gmt":"2015-02-09T17:42:02","guid":{"rendered":"http:\/\/www.sana.sy\/tr\/?p=23493"},"modified":"2015-02-09T19:43:15","modified_gmt":"2015-02-09T17:43:15","slug":"belarus-heyetiyle-uc-anlasma-imzalandi","status":"publish","type":"post","link":"https:\/\/archive.sana.sy\/tr\/?p=23493","title":{"rendered":"Belarus Heyetiyle \u00dc\u00e7 Anla\u015fma \u0130mzaland\u0131"},"content":{"rendered":"<p>\u015eAM \u2013 Belarus D\u0131\u015fi\u015fleri Bakan\u0131 Vladimir MacKay ba\u015fkanl\u0131\u011f\u0131nda Suriye&#8217;yi ziyaret etmekte olan heyet ile Yerel Y\u00f6netim Bakanl\u0131\u011f\u0131, Adalet Bakanl\u0131\u011f\u0131 ve Maliye Bakanl\u0131\u011f\u0131 aras\u0131nda toplam \u00fc\u00e7 anla\u015fma imzaland\u0131.<\/p>\n<p>Hizmet \u0130\u015flerinden Sorumlu Ba\u015fbakan Yard\u0131mc\u0131s\u0131 ve Yerel Y\u00f6netimler Bakan\u0131 \u00d6mer \u0130brahim Galevenci, iki \u00fclke aras\u0131ndaki anla\u015fmalar\u0131n bir\u00e7ok alanda kanun \u00e7er\u00e7evesinde s\u00fcren k\u00f6kl\u00fc i\u015fbirli\u011fi k\u00fclt\u00fcr\u00fcne dayand\u0131klar\u0131n\u0131 ifade etti.<\/p>\n<p>Suriye piyasas\u0131n\u0131n Belarus \u015firketleri ve i\u015fadamlar\u0131 i\u00e7in b\u00fcy\u00fck bir f\u0131rsat te\u015fkil etti\u011fine de\u011finen Galevenci, h\u00fck\u00fcmetin ayr\u0131ca Serbest Ticaret anla\u015fmas\u0131 imzalayarak Belarus Cumhuriyeti ile ticari ili\u015fkileri geli\u015ftirmeyi ama\u00e7lad\u0131\u011f\u0131n\u0131 beyan etti.<\/p>\n<p>F.B. &#8211; M.M.<\/p>\n","protected":false},"excerpt":{"rendered":"<p>\u015eAM \u2013 Belarus D\u0131\u015fi\u015fleri Bakan\u0131 Vladimir MacKay ba\u015fkanl\u0131\u011f\u0131nda Suriye&#8217;yi ziyaret etmekte olan heyet ile Yerel Y\u00f6netim Bakanl\u0131\u011f\u0131, Adalet Bakanl\u0131\u011f\u0131 ve Maliye Bakanl\u0131\u011f\u0131 aras\u0131nda toplam \u00fc\u00e7 anla\u015fma imzaland\u0131. Hizmet \u0130\u015flerinden Sorumlu Ba\u015fbakan Yard\u0131mc\u0131s\u0131 ve Yerel Y\u00f6netimler Bakan\u0131 \u00d6mer \u0130brahim Galevenci, iki \u00fclke aras\u0131ndaki anla\u015fmalar\u0131n bir\u00e7ok alanda kanun \u00e7er\u00e7evesinde s\u00fcren k\u00f6kl\u00fc i\u015fbirli\u011fi k\u00fclt\u00fcr\u00fcne dayand\u0131klar\u0131n\u0131 ifade etti. Suriye &hellip;<\/p>\n","protected":false},"author":1,"featured_media":23494,"comment_status":"closed","ping_status":"closed","sticky":false,"template":"","format":"standard","meta":{"footnotes":""},"categories":[479,478],"tags":[11383,11381,11382],"class_list":["post-23493","post","type-post","status-publish","format-standard","has-post-thumbnail","","category-haberler-yerel","category-yerel","tag-adalet-bakanligi-ve-maliye-bakanligi-arasinda-toplam-uc-anlasma-imzalandi","tag-belarus-heyetiyle-uc-anlasma-imzalandi","tag-sam-belarus-disisleri-bakani-vladimir-mackay-baskanliginda-suriyeyi-ziyaret-etmekte-olan-heyet-ile-yerel-yonetim-bakanligi"],"_links":{"self":[{"href":"https:\/\/archive.sana.sy\/tr\/index.php?rest_route=\/wp\/v2\/posts\/23493","targetHints":{"allow":["GET"]}}],"collection":[{"href":"https:\/\/archive.sana.sy\/tr\/index.php?rest_route=\/wp\/v2\/posts"}],"about":[{"href":"https:\/\/archive.sana.sy\/tr\/index.php?rest_route=\/wp\/v2\/types\/post"}],"author":[{"embeddable":true,"href":"https:\/\/archive.sana.sy\/tr\/index.php?rest_route=\/wp\/v2\/users\/1"}],"replies":[{"embeddable":true,"href":"https:\/\/archive.sana.sy\/tr\/index.php?rest_route=%2Fwp%2Fv2%2Fcomments&post=23493"}],"version-history":[{"count":0,"href":"https:\/\/archive.sana.sy\/tr\/index.php?rest_route=\/wp\/v2\/posts\/23493\/revisions"}],"wp:featuredmedia":[{"embeddable":true,"href":"https:\/\/archive.sana.sy\/tr\/index.php?rest_route=\/wp\/v2\/media\/23494"}],"wp:attachment":[{"href":"https:\/\/archive.sana.sy\/tr\/index.php?rest_route=%2Fwp%2Fv2%2Fmedia&parent=23493"}],"wp:term":[{"taxonomy":"category","embeddable":true,"href":"https:\/\/archive.sana.sy\/tr\/index.php?rest_route=%2Fwp%2Fv2%2Fcategories&post=23493"},{"taxonomy":"post_tag","embeddable":true,"href":"https:\/\/archive.sana.sy\/tr\/index.php?rest_route=%2Fwp%2Fv2%2Ftags&post=23493"}],"curies":[{"name":"wp","href":"https:\/\/api.w.org\/{rel}","templated":true}]}}