{"id":23496,"date":"2015-02-09T19:44:50","date_gmt":"2015-02-09T17:44:50","guid":{"rendered":"http:\/\/www.sana.sy\/tr\/?p=23496"},"modified":"2015-02-09T19:44:50","modified_gmt":"2015-02-09T17:44:50","slug":"halaki-hukumet-dost-ulkelerle-isbirligi-kopruleri-kurmaya-onem-veriyor","status":"publish","type":"post","link":"https:\/\/archive.sana.sy\/tr\/?p=23496","title":{"rendered":"Halaki: H\u00fck\u00fcmet, Dost \u00dclkelerle \u0130\u015fbirli\u011fi K\u00f6pr\u00fcleri Kurmaya \u00d6nem Veriyor"},"content":{"rendered":"<p>\u015eAM \u2013 Ba\u015fbakan Vail el Halaki, Belarus D\u0131\u015fi\u015fleri Bakan\u0131 Vladimir MacKey ve ona e\u015flik eden heyet ile bir araya geldi\u011fi toplant\u0131da, Suriye h\u00fck\u00fcmetinin iki dost \u00fclkelerle i\u015fbirli\u011fi k\u00f6pr\u00fcleri kurulmas\u0131na b\u00fcy\u00fck bir \u00f6nem verdi\u011fini ifade etti.<\/p>\n<p>\u0130ki \u00fclke aras\u0131nda son d\u00f6nemlerde imzalanan anla\u015fmalar\u0131n Belarus h\u00fck\u00fcmetinin, Suriye&#8217;ye kar\u015f\u0131 ba\u015flat\u0131lm\u0131\u015f evrensel sava\u015f\u0131n etkilerini hafifletme \u00e7abas\u0131nda oldu\u011funun yans\u0131mas\u0131n\u0131 te\u015fkil etti\u011fini dile getiren Halaki; Belarus \u015firketleri ve i\u015fadamlar\u0131na Suriye&#8217;de yat\u0131r\u0131m projeleri uygulama \u00e7a\u011fr\u0131s\u0131nda bulundu.<\/p>\n<p>\u00d6te yandan \u00fclkesinin Suriye ile ili\u015fki ve i\u015fbirli\u011fini geli\u015ftirme istedi\u011fini dile getiren Belarus D\u0131\u015fi\u015fleri Bakan\u0131 MacKey, ayr\u0131ca Belarus h\u00fck\u00fcmeti ve halk\u0131n\u0131n, ter\u00f6r sald\u0131r\u0131lar\u0131 kar\u015f\u0131s\u0131nda Suriye h\u00fck\u00fcmeti ve halk\u0131n\u0131n yan\u0131nda yer ald\u0131\u011f\u0131n\u0131n alt\u0131n\u0131 \u00e7izdi.<\/p>\n<p>\u0130ki \u00fclke aras\u0131nda imzalanm\u0131\u015f anla\u015fmalar\u0131n aktifle\u015ftirilmesi ve uygulanmas\u0131n\u0131n h\u0131zland\u0131r\u0131lmas\u0131 y\u00f6ntemlerinin konu\u015fuldu\u011fu toplant\u0131ya bir\u00e7ok bakan\u0131n yan\u0131 s\u0131ra Belarus\u2019un Suriye B\u00fcy\u00fckel\u00e7isi de kat\u0131ld\u0131.<\/p>\n<p><span style=\"color: #0000ff\">M\u00fcft\u00fc Rus Heyetle G\u00f6r\u00fc\u015ft\u00fc<\/span><\/p>\n<p>Ayn\u0131 \u00e7er\u00e7evede Makey ve ona e\u015flik eden heyetle bir araya gelen Cumhuriyet M\u00fcft\u00fcs\u00fc Ahmet Bedrettin Hassun ise k\u00fclt\u00fcrle r ve insanl\u0131k topluluklar\u0131 aras\u0131ndaki diyalogun \u00f6nemine i\u015faret ederek Bat\u0131\u2019n\u0131n kimi toplumlar\u0131 k\u00f6t\u00fc ve vah\u015fi olarak lanse etme \u00e7abas\u0131nda oldu\u011funu belirtti.<\/p>\n<p>\u0130nsan\u0131n y\u00fcre\u011fine ho\u015fg\u00f6r\u00fc ve sevgi tohumlar\u0131n\u0131 ye\u015ferteme din adamlar\u0131 ve uleman\u0131n b\u00fcy\u00fck bir rol\u00fc bulundu\u011funa dikkat \u00e7eken Hassun; uygarl\u0131klar\u0131n ve inan\u00e7lar\u0131n be\u015fi\u011fi Suriye topraklar\u0131n\u0131n, d\u00fcnyaya b\u00fcy\u00fck uygarl\u0131k ve insanl\u0131k sembolleri yayd\u0131\u011f\u0131n\u0131 hat\u0131rlatt\u0131.<\/p>\n<p>F.B. &#8211; M.M.<\/p>\n","protected":false},"excerpt":{"rendered":"<p>\u015eAM \u2013 Ba\u015fbakan Vail el Halaki, Belarus D\u0131\u015fi\u015fleri Bakan\u0131 Vladimir MacKey ve ona e\u015flik eden heyet ile bir araya geldi\u011fi toplant\u0131da, Suriye h\u00fck\u00fcmetinin iki dost \u00fclkelerle i\u015fbirli\u011fi k\u00f6pr\u00fcleri kurulmas\u0131na b\u00fcy\u00fck bir \u00f6nem verdi\u011fini ifade etti. \u0130ki \u00fclke aras\u0131nda son d\u00f6nemlerde imzalanan anla\u015fmalar\u0131n Belarus h\u00fck\u00fcmetinin, Suriye&#8217;ye kar\u015f\u0131 ba\u015flat\u0131lm\u0131\u015f evrensel sava\u015f\u0131n etkilerini hafifletme \u00e7abas\u0131nda oldu\u011funun yans\u0131mas\u0131n\u0131 te\u015fkil &hellip;<\/p>\n","protected":false},"author":1,"featured_media":23498,"comment_status":"closed","ping_status":"closed","sticky":false,"template":"","format":"standard","meta":{"footnotes":""},"categories":[485,486,479,478],"tags":[11385,11384],"class_list":["post-23496","post","type-post","status-publish","format-standard","has-post-thumbnail","","category-is-ve-sermaye","category-haberler-is-ve-sermaye","category-haberler-yerel","category-yerel","tag-dost-ulkelerle-isbirligi-kopruleri-kurmaya-onem-veriyor","tag-halaki-hukumet"],"_links":{"self":[{"href":"https:\/\/archive.sana.sy\/tr\/index.php?rest_route=\/wp\/v2\/posts\/23496","targetHints":{"allow":["GET"]}}],"collection":[{"href":"https:\/\/archive.sana.sy\/tr\/index.php?rest_route=\/wp\/v2\/posts"}],"about":[{"href":"https:\/\/archive.sana.sy\/tr\/index.php?rest_route=\/wp\/v2\/types\/post"}],"author":[{"embeddable":true,"href":"https:\/\/archive.sana.sy\/tr\/index.php?rest_route=\/wp\/v2\/users\/1"}],"replies":[{"embeddable":true,"href":"https:\/\/archive.sana.sy\/tr\/index.php?rest_route=%2Fwp%2Fv2%2Fcomments&post=23496"}],"version-history":[{"count":0,"href":"https:\/\/archive.sana.sy\/tr\/index.php?rest_route=\/wp\/v2\/posts\/23496\/revisions"}],"wp:featuredmedia":[{"embeddable":true,"href":"https:\/\/archive.sana.sy\/tr\/index.php?rest_route=\/wp\/v2\/media\/23498"}],"wp:attachment":[{"href":"https:\/\/archive.sana.sy\/tr\/index.php?rest_route=%2Fwp%2Fv2%2Fmedia&parent=23496"}],"wp:term":[{"taxonomy":"category","embeddable":true,"href":"https:\/\/archive.sana.sy\/tr\/index.php?rest_route=%2Fwp%2Fv2%2Fcategories&post=23496"},{"taxonomy":"post_tag","embeddable":true,"href":"https:\/\/archive.sana.sy\/tr\/index.php?rest_route=%2Fwp%2Fv2%2Ftags&post=23496"}],"curies":[{"name":"wp","href":"https:\/\/api.w.org\/{rel}","templated":true}]}}