{"id":23500,"date":"2015-02-09T20:20:57","date_gmt":"2015-02-09T18:20:57","guid":{"rendered":"http:\/\/www.sana.sy\/tr\/?p=23500"},"modified":"2015-02-10T17:57:16","modified_gmt":"2015-02-10T15:57:16","slug":"terore-karsi-operasyonlar-araliksiz-devam-ediyor-3","status":"publish","type":"post","link":"https:\/\/archive.sana.sy\/tr\/?p=23500","title":{"rendered":"Ter\u00f6re Kar\u015f\u0131 Operasyonlar Aral\u0131ks\u0131z Devam Ediyor"},"content":{"rendered":"<p>\u0130LLER \u2013 Kahraman ordu birliklerimiz, b\u00fct\u00fcn hezimetlerine ra\u011fmen karanl\u0131k tekfirci d\u00fc\u015f\u00fcnce ve faaliyetlerini s\u00fcrd\u00fcren silahl\u0131 ter\u00f6r gruplar\u0131na kar\u015f\u0131 operasyonlar\u0131na ara vermeden devam ediyorlar. Bu \u00e7er\u00e7evede \u00e7ok say\u0131da ter\u00f6r yuvas\u0131 ve grubu kahraman birliklerimiz taraf\u0131ndan tamamen yok edilirken onlarca ter\u00f6rist \u00f6l\u00fc ve yaral\u0131 olarak ele ge\u00e7irildi.<\/p>\n<p><span style=\"color: #0000ff\">\u0130dlib K\u0131rsal\u0131nda Ter\u00f6ristlerin Toplanma Yerleri Hedef Al\u0131nd\u0131<\/span><\/p>\n<p>Askeri kaynak; ordu birliklerimizin \u0130dlib k\u0131rsal\u0131n\u0131n Taybat, Ayn el Baride, \u015eu\u011fr, Teftenaz, Ebu Zuhur, Hmaymat el Dair, el Bera ve Kensafra b\u00f6lgelerinde ter\u00f6ristlerin yuva ve toplanma mevkilerini hedef ald\u0131klar\u0131n\u0131 ifade etti.<\/p>\n<p>Kaynak; operasyonlar\u0131nda ter\u00f6ristlere ait silah ve m\u00fchimmat\u0131n imha edilip onlarca ter\u00f6ristin \u00f6l\u00fc ve yaral\u0131 d\u00fc\u015f\u00fcr\u00fcld\u00fc\u011f\u00fcn\u00fc belirtti.<\/p>\n<p>Ter\u00f6r \u00e7eteleri sosyal medya ara\u00e7lar\u0131nda Sermada Beldesinde \u2018Hazm Hareketi\u2019nin saha komutan\u0131 olarak adland\u0131r\u0131lan Muhammed Halbus\u2019un \u00f6ld\u00fcr\u00fcld\u00fc\u011f\u00fcn\u00fc ikrar etti.<\/p>\n<p><span style=\"color: #0000ff\">Dera K\u0131rsal\u0131nda Ter\u00f6ristlere Ait Bir\u00e7ok Ara\u00e7 Muhtevalar\u0131yla \u0130mha Edildi<\/span><\/p>\n<p>\u00d6te yandan ordu birliklerimizin Dera k\u0131rsal\u0131n\u0131n \u015eeyh Miskin Beldesinde z\u0131rhl\u0131 bir arac\u0131 muhtevalar\u0131yla birlikte etkisiz hale getirdiklerini aktaran kaynak; Dael \u2013 Herbet \u011eazale \u2013 Mi\u015firfe yolunda a\u011f\u0131r makineli silahla donat\u0131lm\u0131\u015f bir arac\u0131 da imha ettiklerini s\u00f6zlerine ekledi.<\/p>\n<p>Ordu birliklerimiz ayn\u0131 zamanda Dera Beled\u2019te Becabice Mahallisi, Postane Binas\u0131 civar\u0131, Um el Derj su deposunun civar\u0131 ve el B\u0131har\u2019\u0131n g\u00fcneydo\u011fusuna ilaveten Lecat B\u00f6lgesine d\u00fc\u015fen Jadl Beldesi civar\u0131nda ter\u00f6ristlerin yuva ve k\u00fcmelenme yerlerini hedef almalar\u0131yla \u00e7ok say\u0131da ter\u00f6risti \u00f6l\u00fc ve yaral\u0131 d\u00fc\u015f\u00fcrd\u00fc.<\/p>\n<p><span style=\"color: #0000ff\">S\u00fcveyda\u2019da Onlarca Ter\u00f6rist \u00d6ld\u00fcr\u00fcld\u00fc<\/span><\/p>\n<p><span style=\"color: #000000\">Askeri kaynak; ordu birliklerimizin S\u00fcveyda k\u0131rsal\u0131n\u0131n kuzeydo\u011fusu Asfar Beldesinde ter\u00f6ristlerin toplanma yerini hedef alarak bir\u00e7ok ter\u00f6risti etkisizle\u015ftirdiklerine dikkat \u00e7ekti.<\/span><br \/>\n<span style=\"color: #0000ff\">Kunaytra K\u0131rsal\u0131nda Silah ve M\u00fchimmatlar\u0131 Etkisizle\u015ftirildi<\/span><\/p>\n<p>Bu arada ordu birliklerimiz Kunaytra k\u0131rsal\u0131 el Rfiyd Beldesi ve Ayn el Teyne\u2019nin do\u011fu kenar\u0131nda ter\u00f6ristlerin toplanma yerlerini hedef al\u0131rken cephane ve ara\u00e7lar\u0131n\u0131 da imha edip \u00e7ok say\u0131da ter\u00f6risti \u00f6ld\u00fcrd\u00fc.<\/p>\n<p>Ter\u00f6ristler sosyal medya ara\u00e7lar\u0131nda \u2018Furkan T\u00fcmenleri\u2019nin eleba\u015f\u0131 olarak adland\u0131r\u0131lan \u00d6mer Ey\u00fcp\u2019\u00fcn \u00f6ld\u00fcr\u00fcld\u00fc\u011f\u00fcn\u00fc itiraf etti.<\/p>\n<p><span style=\"color: #0000ff\">\u015eam K\u0131rsal\u0131nda Yeni B\u00f6lgeler Ter\u00f6ristlerden Temizlendi<\/span><\/p>\n<p>Vatan koruyucular\u0131 ordu birliklerimiz \u015eam k\u0131rsal\u0131n\u0131n Do\u011fu \u011euta B\u00f6lgesinde bug\u00fcn tekfirci, hain ve kiral\u0131k ter\u00f6r \u00e7etelere kar\u015f\u0131 dikkat \u00e7ekici yeni ba\u015far\u0131lar kaydetti.<\/p>\n<p><a href=\"http:\/\/www.sana.sy\/tr\/wp-content\/uploads\/2015\/02\/Ordu-21.jpg\"><img loading=\"lazy\" decoding=\"async\" class=\"alignright wp-image-23570 size-medium\" src=\"http:\/\/www.sana.sy\/tr\/wp-content\/uploads\/2015\/02\/Ordu-21-300x225.jpg\" alt=\"Ordu-2\" width=\"300\" height=\"225\" srcset=\"https:\/\/archive.sana.sy\/tr\/wp-content\/uploads\/2015\/02\/Ordu-21-300x225.jpg 300w, https:\/\/archive.sana.sy\/tr\/wp-content\/uploads\/2015\/02\/Ordu-21-150x113.jpg 150w, https:\/\/archive.sana.sy\/tr\/wp-content\/uploads\/2015\/02\/Ordu-21-1024x768.jpg 1024w, https:\/\/archive.sana.sy\/tr\/wp-content\/uploads\/2015\/02\/Ordu-21.jpg 1440w\" sizes=\"auto, (max-width: 300px) 100vw, 300px\" \/><\/a>Askeri kaynak ordu birliklerimizin Duma Kasabas\u0131n\u0131n kuzey civar\u0131na d\u00fc\u015fen Aliya \u00c7iftliklerinde olduk\u00e7a geni\u015f alanlar\u0131 ter\u00f6ristlerden temizleyerek ter\u00f6ristleri b\u00fcy\u00fck kay\u0131plara u\u011fratt\u0131klar\u0131n\u0131 s\u00f6yledi.<\/p>\n<p>Kaynak onlarca ter\u00f6ristin a\u011f\u0131r silahlar\u0131 ve ara\u00e7lar\u0131yla etkisizle\u015ftirilmeleri ard\u0131ndan sa\u011f kalanlar\u0131n Duma Kasabas\u0131ndaki yuvalar\u0131na ka\u00e7t\u0131klar\u0131n\u0131 ifade etti.<\/p>\n<p>Ordu birliklerimizin b\u00f6lgede ter\u00f6ristlerin saklanma ve yer de\u011fi\u015ftirmede kulland\u0131klar\u0131 t\u00fcneller ortaya \u00e7\u0131kard\u0131\u011f\u0131n\u0131 belirten kaynak; muhtelif yerlerde ve \u015fekillerde kurduklar\u0131 \u00e7ok say\u0131da bubi tuza\u011f\u0131n\u0131n etkisizle\u015ftirildi\u011fini aktard\u0131.<\/p>\n<p>Bu arada ter\u00f6r \u00e7eteleri sosyal medya ara\u00e7lar\u0131nda bug\u00fcn 23 ter\u00f6ristin \u00f6l\u00fc, onlarca ter\u00f6ristin yaral\u0131 d\u00fc\u015ft\u00fc\u011f\u00fcn\u00fc itiraf ederken, a\u011f\u0131r silahlar\u0131 ve ara\u00e7lar\u0131n\u0131n da tahrip edildi\u011fini a\u00e7\u0131klad\u0131.<\/p>\n<p><span style=\"color: #0000ff\">Homs K\u0131rsal\u0131nda Yeni Ba\u015far\u0131lara \u0130mza At\u0131ld\u0131<\/span><\/p>\n<p>Homs k\u0131rsal\u0131nda yeni ba\u015far\u0131lara imza atan ordu birliklerimiz, Mahram\u2019\u0131n Ras el Makta\u2019 B\u00f6lgesini ter\u00f6ristlerden temizleyerek g\u00fcvenlik ve kontrol\u00fc sa\u011flad\u0131.<\/p>\n<p><a href=\"http:\/\/www.sana.sy\/tr\/wp-content\/uploads\/2015\/02\/Ordu-3.jpg\"><img loading=\"lazy\" decoding=\"async\" class=\"alignright wp-image-23572 size-medium\" src=\"http:\/\/www.sana.sy\/tr\/wp-content\/uploads\/2015\/02\/Ordu-3-300x225.jpg\" alt=\"Ordu-3\" width=\"300\" height=\"225\" srcset=\"https:\/\/archive.sana.sy\/tr\/wp-content\/uploads\/2015\/02\/Ordu-3-300x225.jpg 300w, https:\/\/archive.sana.sy\/tr\/wp-content\/uploads\/2015\/02\/Ordu-3-150x113.jpg 150w, https:\/\/archive.sana.sy\/tr\/wp-content\/uploads\/2015\/02\/Ordu-3-1024x768.jpg 1024w, https:\/\/archive.sana.sy\/tr\/wp-content\/uploads\/2015\/02\/Ordu-3.jpg 1440w\" sizes=\"auto, (max-width: 300px) 100vw, 300px\" \/><\/a>Saha kaynaklar\u0131 operasyonlarda ter\u00f6ristlerin say\u0131 ve te\u00e7hizatlar\u0131yla olduk\u00e7a b\u00fcy\u00fck kay\u0131plara u\u011frat\u0131ld\u0131klar\u0131n\u0131 belirtti.<\/p>\n<p>Ordu birliklerimiz yine Homs k\u0131rsal\u0131n\u0131n Cub el Carrah, Do\u011fu Sallam, Unk el Hava, Duveyba, Mesada, Duveyba, Um el Tvayni, Sultaniye ve Recm el Kasr b\u00f6lgelerinde s\u00fcrd\u00fcrd\u00fckleri operasyonlarda onlarca ter\u00f6ristle birlikte muhtelif ve b\u00fcy\u00fck miktarda cephaneyle birlikte etkisizle\u015ftirdi.<\/p>\n<p>Homs k\u0131rsal\u0131n\u0131n do\u011fusu Rhum B\u00f6lgesinde I\u015e\u0130D \u00e7etelerine kar\u015f\u0131 muhtelif t\u00fcr silahlarla s\u00fcrd\u00fcr\u00fclen operasyonlarda ise ordu birliklerimiz I\u015e\u0130D \u00e7etelerinin siperlerini, savunma hatlar\u0131n\u0131 ve karargahlar\u0131n\u0131 muhtevalar\u0131yla imha etti. Operasyonlarda onlarca ter\u00f6ristin bir\u00e7ok ara\u00e7la birlikte imha edildi\u011fi bildirildi.<\/p>\n<p>M.M. &#8211; A.A.<\/p>\n","protected":false},"excerpt":{"rendered":"<p>\u0130LLER \u2013 Kahraman ordu birliklerimiz, b\u00fct\u00fcn hezimetlerine ra\u011fmen karanl\u0131k tekfirci d\u00fc\u015f\u00fcnce ve faaliyetlerini s\u00fcrd\u00fcren silahl\u0131 ter\u00f6r gruplar\u0131na kar\u015f\u0131 operasyonlar\u0131na ara vermeden devam ediyorlar. Bu \u00e7er\u00e7evede \u00e7ok say\u0131da ter\u00f6r yuvas\u0131 ve grubu kahraman birliklerimiz taraf\u0131ndan tamamen yok edilirken onlarca ter\u00f6rist \u00f6l\u00fc ve yaral\u0131 olarak ele ge\u00e7irildi. \u0130dlib K\u0131rsal\u0131nda Ter\u00f6ristlerin Toplanma Yerleri Hedef Al\u0131nd\u0131 Askeri kaynak; ordu &hellip;<\/p>\n","protected":false},"author":1,"featured_media":23501,"comment_status":"closed","ping_status":"closed","sticky":false,"template":"","format":"standard","meta":{"footnotes":""},"categories":[575],"tags":[11387,11386,638],"class_list":["post-23500","post","type-post","status-publish","format-standard","has-post-thumbnail","","category-olaylar-ve-gercekler","tag-butun-hezimetlerine-ragmen-karanlik-tekfirci-dusunce-ve-faaliyetlerini-surduren-silahli-teror-gruplarina-karsi-operasyonlarina-ara-vermeden-devam-ediyorlar-bu-cercevede-cok-sayida-teror-yuvasi-ve-gru","tag-iller-kahraman-ordu-birliklerimiz","tag-terore-karsi-operasyonlar-araliksiz-devam-ediyor"],"_links":{"self":[{"href":"https:\/\/archive.sana.sy\/tr\/index.php?rest_route=\/wp\/v2\/posts\/23500","targetHints":{"allow":["GET"]}}],"collection":[{"href":"https:\/\/archive.sana.sy\/tr\/index.php?rest_route=\/wp\/v2\/posts"}],"about":[{"href":"https:\/\/archive.sana.sy\/tr\/index.php?rest_route=\/wp\/v2\/types\/post"}],"author":[{"embeddable":true,"href":"https:\/\/archive.sana.sy\/tr\/index.php?rest_route=\/wp\/v2\/users\/1"}],"replies":[{"embeddable":true,"href":"https:\/\/archive.sana.sy\/tr\/index.php?rest_route=%2Fwp%2Fv2%2Fcomments&post=23500"}],"version-history":[{"count":0,"href":"https:\/\/archive.sana.sy\/tr\/index.php?rest_route=\/wp\/v2\/posts\/23500\/revisions"}],"wp:featuredmedia":[{"embeddable":true,"href":"https:\/\/archive.sana.sy\/tr\/index.php?rest_route=\/wp\/v2\/media\/23501"}],"wp:attachment":[{"href":"https:\/\/archive.sana.sy\/tr\/index.php?rest_route=%2Fwp%2Fv2%2Fmedia&parent=23500"}],"wp:term":[{"taxonomy":"category","embeddable":true,"href":"https:\/\/archive.sana.sy\/tr\/index.php?rest_route=%2Fwp%2Fv2%2Fcategories&post=23500"},{"taxonomy":"post_tag","embeddable":true,"href":"https:\/\/archive.sana.sy\/tr\/index.php?rest_route=%2Fwp%2Fv2%2Ftags&post=23500"}],"curies":[{"name":"wp","href":"https:\/\/api.w.org\/{rel}","templated":true}]}}