{"id":235029,"date":"2021-05-22T11:01:24","date_gmt":"2021-05-22T08:01:24","guid":{"rendered":"http:\/\/107.6.182.27\/tr\/?p=235029"},"modified":"2021-05-23T08:22:58","modified_gmt":"2021-05-23T05:22:58","slug":"dsg-milisleri-deyrezzor-kirsalinda-25-sivili-kacirdi","status":"publish","type":"post","link":"https:\/\/archive.sana.sy\/tr\/?p=235029","title":{"rendered":"DSG Milisleri Deyrezzor K\u0131rsal\u0131nda 25 Sivili Ka\u00e7\u0131rd\u0131"},"content":{"rendered":"<p>DERYEZZOR \u2013 Amerikan i\u015fgal g\u00fc\u00e7lerinden desteklenen \u201cDSG\u201d milisleri, Deyrezzor k\u0131rsal\u0131nda yer alan el Zir k\u00f6y\u00fcnden birka\u00e7 sivili ka\u00e7\u0131rd\u0131.<\/p>\n<p>Yerel kaynaklar SANA muhabirine, DSG milislerinden silahl\u0131 gruplar\u0131n, Deyrezzor k\u0131rsal\u0131n\u0131n do\u011fusunda yer alan el Zir k\u00f6y\u00fcndeki vatanda\u015flar\u0131n evlerine bask\u0131n d\u00fczenledi\u011fini belirtirken, 25 sivili ka\u00e7\u0131r\u0131p bilinmeyen bir yere g\u00f6t\u00fcrd\u00fcklerine i\u015faret etti.<\/p>\n<p>\u00c7eviri: M.Y<\/p>\n","protected":false},"excerpt":{"rendered":"<p>DERYEZZOR \u2013 Amerikan i\u015fgal g\u00fc\u00e7lerinden desteklenen \u201cDSG\u201d milisleri, Deyrezzor k\u0131rsal\u0131nda yer alan el Zir k\u00f6y\u00fcnden birka\u00e7 sivili ka\u00e7\u0131rd\u0131. Yerel kaynaklar SANA muhabirine, DSG milislerinden silahl\u0131 gruplar\u0131n, Deyrezzor k\u0131rsal\u0131n\u0131n do\u011fusunda yer alan el Zir k\u00f6y\u00fcndeki vatanda\u015flar\u0131n evlerine bask\u0131n d\u00fczenledi\u011fini belirtirken, 25 sivili ka\u00e7\u0131r\u0131p bilinmeyen bir yere g\u00f6t\u00fcrd\u00fcklerine i\u015faret etti. \u00c7eviri: M.Y<\/p>\n","protected":false},"author":36,"featured_media":235030,"comment_status":"closed","ping_status":"closed","sticky":false,"template":"","format":"standard","meta":{"footnotes":""},"categories":[479,575,17988,478],"tags":[],"class_list":["post-235029","post","type-post","status-publish","format-standard","has-post-thumbnail","","category-haberler-yerel","category-olaylar-ve-gercekler","category-son-haberler","category-yerel"],"_links":{"self":[{"href":"https:\/\/archive.sana.sy\/tr\/index.php?rest_route=\/wp\/v2\/posts\/235029","targetHints":{"allow":["GET"]}}],"collection":[{"href":"https:\/\/archive.sana.sy\/tr\/index.php?rest_route=\/wp\/v2\/posts"}],"about":[{"href":"https:\/\/archive.sana.sy\/tr\/index.php?rest_route=\/wp\/v2\/types\/post"}],"author":[{"embeddable":true,"href":"https:\/\/archive.sana.sy\/tr\/index.php?rest_route=\/wp\/v2\/users\/36"}],"replies":[{"embeddable":true,"href":"https:\/\/archive.sana.sy\/tr\/index.php?rest_route=%2Fwp%2Fv2%2Fcomments&post=235029"}],"version-history":[{"count":0,"href":"https:\/\/archive.sana.sy\/tr\/index.php?rest_route=\/wp\/v2\/posts\/235029\/revisions"}],"wp:featuredmedia":[{"embeddable":true,"href":"https:\/\/archive.sana.sy\/tr\/index.php?rest_route=\/wp\/v2\/media\/235030"}],"wp:attachment":[{"href":"https:\/\/archive.sana.sy\/tr\/index.php?rest_route=%2Fwp%2Fv2%2Fmedia&parent=235029"}],"wp:term":[{"taxonomy":"category","embeddable":true,"href":"https:\/\/archive.sana.sy\/tr\/index.php?rest_route=%2Fwp%2Fv2%2Fcategories&post=235029"},{"taxonomy":"post_tag","embeddable":true,"href":"https:\/\/archive.sana.sy\/tr\/index.php?rest_route=%2Fwp%2Fv2%2Ftags&post=235029"}],"curies":[{"name":"wp","href":"https:\/\/api.w.org\/{rel}","templated":true}]}}