{"id":23503,"date":"2015-02-09T20:24:56","date_gmt":"2015-02-09T18:24:56","guid":{"rendered":"http:\/\/www.sana.sy\/tr\/?p=23503"},"modified":"2015-02-09T20:24:56","modified_gmt":"2015-02-09T18:24:56","slug":"bugun-ile-dun-arasinda-suriye","status":"publish","type":"post","link":"https:\/\/archive.sana.sy\/tr\/?p=23503","title":{"rendered":"Bug\u00fcn ile D\u00fcn Aras\u0131nda Suriye\u2026"},"content":{"rendered":"<p>PAR\u0130S \u2013 Fransa\u2019da ya\u015fayan Suriyeli Gurbet\u00e7iler Toplulu\u011fu, anavatanda ya\u015fanmakta olan ac\u0131 ve y\u0131k\u0131m\u0131 Fransa kamuoyuna ger\u00e7ek bir \u015fekilde aktarmak amac\u0131yla \u201cBug\u00fcn ile D\u00fcn Aras\u0131nda Suriye\u201d ba\u015fl\u0131\u011f\u0131 alt\u0131nda Suriye Pazar\u0131 d\u00fczenledi.<\/p>\n<p>Suriye&#8217;deki arkeolojik ve tarihi eser sembollerinin tan\u0131t\u0131ld\u0131\u011f\u0131 bir foto\u011fraf sergisiyle ba\u015flayan Suriye Pazar\u0131 etkinlikleri aras\u0131nda ayr\u0131ca \u00fclkede ya\u015fanmakta olan olaylara foto\u011fraflar ve Suriye&#8217;nin uygarl\u0131k tarihine \u0131\u015f\u0131k tutan faaliyetler de yer ald\u0131.<\/p>\n<p>Bilinece\u011fi \u00fczere Suriye Pazar\u0131 etkinlikleri, Suriyeli gurbet\u00e7ilerin anavatanlar\u0131yla olan ba\u011flar\u0131n\u0131 ve ileti\u015fimlerini sosyal-k\u00fclt\u00fcrel etkinlikler arac\u0131l\u0131\u011f\u0131yla peki\u015ftirmek amac\u0131yla periyodik olarak d\u00fczenlenmektedir.<\/p>\n<p>F.B. &#8211; M.M:<\/p>\n","protected":false},"excerpt":{"rendered":"<p>PAR\u0130S \u2013 Fransa\u2019da ya\u015fayan Suriyeli Gurbet\u00e7iler Toplulu\u011fu, anavatanda ya\u015fanmakta olan ac\u0131 ve y\u0131k\u0131m\u0131 Fransa kamuoyuna ger\u00e7ek bir \u015fekilde aktarmak amac\u0131yla \u201cBug\u00fcn ile D\u00fcn Aras\u0131nda Suriye\u201d ba\u015fl\u0131\u011f\u0131 alt\u0131nda Suriye Pazar\u0131 d\u00fczenledi. Suriye&#8217;deki arkeolojik ve tarihi eser sembollerinin tan\u0131t\u0131ld\u0131\u011f\u0131 bir foto\u011fraf sergisiyle ba\u015flayan Suriye Pazar\u0131 etkinlikleri aras\u0131nda ayr\u0131ca \u00fclkede ya\u015fanmakta olan olaylara foto\u011fraflar ve Suriye&#8217;nin uygarl\u0131k tarihine &hellip;<\/p>\n","protected":false},"author":1,"featured_media":23504,"comment_status":"closed","ping_status":"closed","sticky":false,"template":"","format":"standard","meta":{"footnotes":""},"categories":[1],"tags":[11390,11388,11389],"class_list":["post-23503","post","type-post","status-publish","format-standard","has-post-thumbnail","","category-news-not-sorted","tag-anavatanda-yasanmakta-olan-aci-ve-yikimi-fransa-kamuoyuna-gercek-bir-sekilde-aktarmak-amaciyla-bugun-ile-dun-arasinda-suriye-basligi-altinda-suriye-pazari-duzenledi","tag-bugun-ile-dun-arasinda-suriye","tag-paris-fransada-yasayan-suriyeli-gurbetciler-toplulugu"],"_links":{"self":[{"href":"https:\/\/archive.sana.sy\/tr\/index.php?rest_route=\/wp\/v2\/posts\/23503","targetHints":{"allow":["GET"]}}],"collection":[{"href":"https:\/\/archive.sana.sy\/tr\/index.php?rest_route=\/wp\/v2\/posts"}],"about":[{"href":"https:\/\/archive.sana.sy\/tr\/index.php?rest_route=\/wp\/v2\/types\/post"}],"author":[{"embeddable":true,"href":"https:\/\/archive.sana.sy\/tr\/index.php?rest_route=\/wp\/v2\/users\/1"}],"replies":[{"embeddable":true,"href":"https:\/\/archive.sana.sy\/tr\/index.php?rest_route=%2Fwp%2Fv2%2Fcomments&post=23503"}],"version-history":[{"count":0,"href":"https:\/\/archive.sana.sy\/tr\/index.php?rest_route=\/wp\/v2\/posts\/23503\/revisions"}],"wp:featuredmedia":[{"embeddable":true,"href":"https:\/\/archive.sana.sy\/tr\/index.php?rest_route=\/wp\/v2\/media\/23504"}],"wp:attachment":[{"href":"https:\/\/archive.sana.sy\/tr\/index.php?rest_route=%2Fwp%2Fv2%2Fmedia&parent=23503"}],"wp:term":[{"taxonomy":"category","embeddable":true,"href":"https:\/\/archive.sana.sy\/tr\/index.php?rest_route=%2Fwp%2Fv2%2Fcategories&post=23503"},{"taxonomy":"post_tag","embeddable":true,"href":"https:\/\/archive.sana.sy\/tr\/index.php?rest_route=%2Fwp%2Fv2%2Ftags&post=23503"}],"curies":[{"name":"wp","href":"https:\/\/api.w.org\/{rel}","templated":true}]}}