{"id":235032,"date":"2021-05-22T11:22:35","date_gmt":"2021-05-22T08:22:35","guid":{"rendered":"http:\/\/107.6.182.27\/tr\/?p=235032"},"modified":"2021-05-24T08:14:43","modified_gmt":"2021-05-24T05:14:43","slug":"amerikan-isgal-gucleri-calinti-suriye-bugdayla-yuklu-yeni-bir-konvoy-iraka-kacirdi","status":"publish","type":"post","link":"https:\/\/archive.sana.sy\/tr\/?p=235032","title":{"rendered":"Amerikan \u0130\u015fgal G\u00fc\u00e7leri \u00c7al\u0131nt\u0131 Suriye Bu\u011fdayla Y\u00fckl\u00fc Yeni Bir Konvoy Irak\u2019a Ka\u00e7\u0131rd\u0131"},"content":{"rendered":"<p>HASEKE \u2013 Amerikan i\u015fgal g\u00fc\u00e7leri, emrinde \u00e7al\u0131\u015fan &#8220;DSG&#8221; milisleriyle i\u015fbirli\u011fi i\u00e7inde Suriye&#8217;nin petrol ve bu\u011fday\u0131 \u00e7alma operasyonlar\u0131n\u0131 s\u00fcrd\u00fcrd\u00fc.<\/p>\n<p>Yerel kaynakalra SANA muhabirine yapt\u0131\u011f\u0131 a\u00e7\u0131klamada, Amerikan i\u015fgal g\u00fc\u00e7lerinin, kapal\u0131 kamyonlar da dahil olmak \u00fczere bu\u011fdayla y\u00fckl\u00fc 15 kamyondan olu\u015fan yeni bir konvoyu yasad\u0131\u015f\u0131 El-Velid ge\u00e7i\u015finden Irak&#8217;a do\u011fru ka\u00e7\u0131rd\u0131\u011f\u0131n\u0131 belirtti.<\/p>\n<p>\u00c7eviri: M.Y<\/p>\n","protected":false},"excerpt":{"rendered":"<p>HASEKE \u2013 Amerikan i\u015fgal g\u00fc\u00e7leri, emrinde \u00e7al\u0131\u015fan &#8220;DSG&#8221; milisleriyle i\u015fbirli\u011fi i\u00e7inde Suriye&#8217;nin petrol ve bu\u011fday\u0131 \u00e7alma operasyonlar\u0131n\u0131 s\u00fcrd\u00fcrd\u00fc. Yerel kaynakalra SANA muhabirine yapt\u0131\u011f\u0131 a\u00e7\u0131klamada, Amerikan i\u015fgal g\u00fc\u00e7lerinin, kapal\u0131 kamyonlar da dahil olmak \u00fczere bu\u011fdayla y\u00fckl\u00fc 15 kamyondan olu\u015fan yeni bir konvoyu yasad\u0131\u015f\u0131 El-Velid ge\u00e7i\u015finden Irak&#8217;a do\u011fru ka\u00e7\u0131rd\u0131\u011f\u0131n\u0131 belirtti. \u00c7eviri: M.Y<\/p>\n","protected":false},"author":36,"featured_media":235033,"comment_status":"closed","ping_status":"closed","sticky":false,"template":"","format":"standard","meta":{"footnotes":""},"categories":[479,575,17988,478],"tags":[],"class_list":["post-235032","post","type-post","status-publish","format-standard","has-post-thumbnail","","category-haberler-yerel","category-olaylar-ve-gercekler","category-son-haberler","category-yerel"],"_links":{"self":[{"href":"https:\/\/archive.sana.sy\/tr\/index.php?rest_route=\/wp\/v2\/posts\/235032","targetHints":{"allow":["GET"]}}],"collection":[{"href":"https:\/\/archive.sana.sy\/tr\/index.php?rest_route=\/wp\/v2\/posts"}],"about":[{"href":"https:\/\/archive.sana.sy\/tr\/index.php?rest_route=\/wp\/v2\/types\/post"}],"author":[{"embeddable":true,"href":"https:\/\/archive.sana.sy\/tr\/index.php?rest_route=\/wp\/v2\/users\/36"}],"replies":[{"embeddable":true,"href":"https:\/\/archive.sana.sy\/tr\/index.php?rest_route=%2Fwp%2Fv2%2Fcomments&post=235032"}],"version-history":[{"count":0,"href":"https:\/\/archive.sana.sy\/tr\/index.php?rest_route=\/wp\/v2\/posts\/235032\/revisions"}],"wp:featuredmedia":[{"embeddable":true,"href":"https:\/\/archive.sana.sy\/tr\/index.php?rest_route=\/wp\/v2\/media\/235033"}],"wp:attachment":[{"href":"https:\/\/archive.sana.sy\/tr\/index.php?rest_route=%2Fwp%2Fv2%2Fmedia&parent=235032"}],"wp:term":[{"taxonomy":"category","embeddable":true,"href":"https:\/\/archive.sana.sy\/tr\/index.php?rest_route=%2Fwp%2Fv2%2Fcategories&post=235032"},{"taxonomy":"post_tag","embeddable":true,"href":"https:\/\/archive.sana.sy\/tr\/index.php?rest_route=%2Fwp%2Fv2%2Ftags&post=235032"}],"curies":[{"name":"wp","href":"https:\/\/api.w.org\/{rel}","templated":true}]}}