{"id":235135,"date":"2021-05-23T12:43:51","date_gmt":"2021-05-23T09:43:51","guid":{"rendered":"http:\/\/107.6.182.27\/tr\/?p=235135"},"modified":"2021-05-24T08:14:57","modified_gmt":"2021-05-24T05:14:57","slug":"amerikan-isgal-gucleri-haseke-kirsalina-yeni-bir-konvoy-gecirdi-3","status":"publish","type":"post","link":"https:\/\/archive.sana.sy\/tr\/?p=235135","title":{"rendered":"Amerikan \u0130\u015fgal G\u00fc\u00e7leri, Haseke K\u0131rsal\u0131na Yeni Bir Konvoy Ge\u00e7irdi"},"content":{"rendered":"<p>HASEKE \u2013 Amerikan i\u015fgal g\u00fc\u00e7leri, yasad\u0131\u015f\u0131 el Velid ge\u00e7i\u015fi yoluyla Irak topraklar\u0131ndan Haseke k\u0131rsal\u0131ndaki \u00fcslerine, askeri te\u00e7hizat, ara\u00e7 ve lojistik malzeme ta\u015f\u0131yan yeni bir konvoy ge\u00e7irdi.<\/p>\n<p>Yerel kaynaklar SANA muahbirine, Amerikan i\u015fgal g\u00fc\u00e7lerinin, aralar\u0131nda Hummer z\u0131rhl\u0131 ara\u00e7lar\u0131 ve bo\u015f kamyonlar\u0131n da bulundu\u011fu 86 ara\u00e7tan olu\u015fan bir lojistik destek konvoyunu, Haseke k\u0131rsal\u0131nda yer alan El-Yarubiye b\u00f6lgesindeki yasad\u0131\u015f\u0131 El Cir Havaalan\u0131na getirdi\u011fini belirtti.<\/p>\n<p>Kaynaklar, i\u015fgalin getirdi\u011fi mekanizmalar aras\u0131nda petrol ta\u015f\u0131mak i\u00e7in birka\u00e7 tanker de bulundu\u011funa dikkat \u00e7ekti.<\/p>\n<p>\u00c7eviri: M.Y<\/p>\n","protected":false},"excerpt":{"rendered":"<p>HASEKE \u2013 Amerikan i\u015fgal g\u00fc\u00e7leri, yasad\u0131\u015f\u0131 el Velid ge\u00e7i\u015fi yoluyla Irak topraklar\u0131ndan Haseke k\u0131rsal\u0131ndaki \u00fcslerine, askeri te\u00e7hizat, ara\u00e7 ve lojistik malzeme ta\u015f\u0131yan yeni bir konvoy ge\u00e7irdi. Yerel kaynaklar SANA muahbirine, Amerikan i\u015fgal g\u00fc\u00e7lerinin, aralar\u0131nda Hummer z\u0131rhl\u0131 ara\u00e7lar\u0131 ve bo\u015f kamyonlar\u0131n da bulundu\u011fu 86 ara\u00e7tan olu\u015fan bir lojistik destek konvoyunu, Haseke k\u0131rsal\u0131nda yer alan El-Yarubiye b\u00f6lgesindeki &hellip;<\/p>\n","protected":false},"author":36,"featured_media":235136,"comment_status":"closed","ping_status":"closed","sticky":false,"template":"","format":"standard","meta":{"footnotes":""},"categories":[479,575,17988,478],"tags":[],"class_list":["post-235135","post","type-post","status-publish","format-standard","has-post-thumbnail","","category-haberler-yerel","category-olaylar-ve-gercekler","category-son-haberler","category-yerel"],"_links":{"self":[{"href":"https:\/\/archive.sana.sy\/tr\/index.php?rest_route=\/wp\/v2\/posts\/235135","targetHints":{"allow":["GET"]}}],"collection":[{"href":"https:\/\/archive.sana.sy\/tr\/index.php?rest_route=\/wp\/v2\/posts"}],"about":[{"href":"https:\/\/archive.sana.sy\/tr\/index.php?rest_route=\/wp\/v2\/types\/post"}],"author":[{"embeddable":true,"href":"https:\/\/archive.sana.sy\/tr\/index.php?rest_route=\/wp\/v2\/users\/36"}],"replies":[{"embeddable":true,"href":"https:\/\/archive.sana.sy\/tr\/index.php?rest_route=%2Fwp%2Fv2%2Fcomments&post=235135"}],"version-history":[{"count":0,"href":"https:\/\/archive.sana.sy\/tr\/index.php?rest_route=\/wp\/v2\/posts\/235135\/revisions"}],"wp:featuredmedia":[{"embeddable":true,"href":"https:\/\/archive.sana.sy\/tr\/index.php?rest_route=\/wp\/v2\/media\/235136"}],"wp:attachment":[{"href":"https:\/\/archive.sana.sy\/tr\/index.php?rest_route=%2Fwp%2Fv2%2Fmedia&parent=235135"}],"wp:term":[{"taxonomy":"category","embeddable":true,"href":"https:\/\/archive.sana.sy\/tr\/index.php?rest_route=%2Fwp%2Fv2%2Fcategories&post=235135"},{"taxonomy":"post_tag","embeddable":true,"href":"https:\/\/archive.sana.sy\/tr\/index.php?rest_route=%2Fwp%2Fv2%2Ftags&post=235135"}],"curies":[{"name":"wp","href":"https:\/\/api.w.org\/{rel}","templated":true}]}}