{"id":235153,"date":"2021-05-23T12:44:32","date_gmt":"2021-05-23T09:44:32","guid":{"rendered":"http:\/\/107.6.182.27\/tr\/?p=235153"},"modified":"2021-05-24T08:15:05","modified_gmt":"2021-05-24T05:15:05","slug":"hama-kirsalinda-bir-mayin-patladi-2-cocuk-yaralandi","status":"publish","type":"post","link":"https:\/\/archive.sana.sy\/tr\/?p=235153","title":{"rendered":"Hama K\u0131rsal\u0131nda Bir May\u0131n Patlad\u0131, 2 \u00c7ocuk Yaraland\u0131"},"content":{"rendered":"<p>HAMA \u2013 Hama k\u0131rsal\u0131nda yer alan el Selemiye kentinde I\u015e\u0130D ter\u00f6r gruplar\u0131ndan kalan bir may\u0131n\u0131n patlamas\u0131 sonucunda 2 \u00c7ocuk yaraland\u0131.<\/p>\n<p>Hama \u0130l Emniyet M\u00fcd\u00fcrl\u00fc\u011f\u00fcnden bir kaynak SANA muhabirine yapt\u0131\u011f\u0131 a\u00e7\u0131klamada, Selemiye k\u0131rsal\u0131nda yer alan Ar\u015fune beldesinde, I\u015e\u0130D ter\u00f6r gruplar\u0131ndan kalan bir may\u0131n\u0131n patlamas\u0131 sonucunda 2 \u00e7ocu\u011fun yaraland\u0131\u011f\u0131n\u0131 beirtti.<\/p>\n<p>Kaynak, s\u00f6z konusu yaral\u0131 \u00e7ocuklar\u0131n, gerekli tedaviyi g\u00f6rmeleri i\u00e7in Hastaneye kald\u0131r\u0131ld\u0131klar\u0131na i\u015faret etti.<\/p>\n","protected":false},"excerpt":{"rendered":"<p>HAMA \u2013 Hama k\u0131rsal\u0131nda yer alan el Selemiye kentinde I\u015e\u0130D ter\u00f6r gruplar\u0131ndan kalan bir may\u0131n\u0131n patlamas\u0131 sonucunda 2 \u00c7ocuk yaraland\u0131. Hama \u0130l Emniyet M\u00fcd\u00fcrl\u00fc\u011f\u00fcnden bir kaynak SANA muhabirine yapt\u0131\u011f\u0131 a\u00e7\u0131klamada, Selemiye k\u0131rsal\u0131nda yer alan Ar\u015fune beldesinde, I\u015e\u0130D ter\u00f6r gruplar\u0131ndan kalan bir may\u0131n\u0131n patlamas\u0131 sonucunda 2 \u00e7ocu\u011fun yaraland\u0131\u011f\u0131n\u0131 beirtti. Kaynak, s\u00f6z konusu yaral\u0131 \u00e7ocuklar\u0131n, gerekli tedaviyi &hellip;<\/p>\n","protected":false},"author":36,"featured_media":235154,"comment_status":"closed","ping_status":"closed","sticky":false,"template":"","format":"standard","meta":{"footnotes":""},"categories":[479,575,17988,478],"tags":[],"class_list":["post-235153","post","type-post","status-publish","format-standard","has-post-thumbnail","","category-haberler-yerel","category-olaylar-ve-gercekler","category-son-haberler","category-yerel"],"_links":{"self":[{"href":"https:\/\/archive.sana.sy\/tr\/index.php?rest_route=\/wp\/v2\/posts\/235153","targetHints":{"allow":["GET"]}}],"collection":[{"href":"https:\/\/archive.sana.sy\/tr\/index.php?rest_route=\/wp\/v2\/posts"}],"about":[{"href":"https:\/\/archive.sana.sy\/tr\/index.php?rest_route=\/wp\/v2\/types\/post"}],"author":[{"embeddable":true,"href":"https:\/\/archive.sana.sy\/tr\/index.php?rest_route=\/wp\/v2\/users\/36"}],"replies":[{"embeddable":true,"href":"https:\/\/archive.sana.sy\/tr\/index.php?rest_route=%2Fwp%2Fv2%2Fcomments&post=235153"}],"version-history":[{"count":0,"href":"https:\/\/archive.sana.sy\/tr\/index.php?rest_route=\/wp\/v2\/posts\/235153\/revisions"}],"wp:featuredmedia":[{"embeddable":true,"href":"https:\/\/archive.sana.sy\/tr\/index.php?rest_route=\/wp\/v2\/media\/235154"}],"wp:attachment":[{"href":"https:\/\/archive.sana.sy\/tr\/index.php?rest_route=%2Fwp%2Fv2%2Fmedia&parent=235153"}],"wp:term":[{"taxonomy":"category","embeddable":true,"href":"https:\/\/archive.sana.sy\/tr\/index.php?rest_route=%2Fwp%2Fv2%2Fcategories&post=235153"},{"taxonomy":"post_tag","embeddable":true,"href":"https:\/\/archive.sana.sy\/tr\/index.php?rest_route=%2Fwp%2Fv2%2Ftags&post=235153"}],"curies":[{"name":"wp","href":"https:\/\/api.w.org\/{rel}","templated":true}]}}