{"id":235175,"date":"2021-05-24T08:40:43","date_gmt":"2021-05-24T05:40:43","guid":{"rendered":"http:\/\/107.6.182.27\/tr\/?p=235175"},"modified":"2021-05-25T16:07:38","modified_gmt":"2021-05-25T13:07:38","slug":"amerikan-isgali-calinti-suriye-bugdayi-tasiyan-yeni-bir-konvoyu-iraka-cikardi-3","status":"publish","type":"post","link":"https:\/\/archive.sana.sy\/tr\/?p=235175","title":{"rendered":"Amerikan \u0130\u015fgali \u00c7al\u0131nt\u0131 Suriye Bu\u011fday\u0131 Ta\u015f\u0131yan Yeni Bir Konvoyu Irak\u2019a \u00c7\u0131kard\u0131"},"content":{"rendered":"<p>HASEKE \u2013 \u0130\u015fgalci Amerikan g\u00fc\u00e7leri, Suriye zenginlikleri ya\u011fmalamaya devam ederek, \u00e7al\u0131nt\u0131 Suriye bu\u011fday\u0131 ile y\u00fckl\u00fc yeni bir konvoyu Haseke k\u0131rsal\u0131nda yer alan Tel Elo\u2019nun silolar\u0131ndan Irak\u2019a do\u011fru ka\u00e7\u0131rd\u0131.<\/p>\n<p>Yerel kaynaklar SANA muhabirine, Amerikan i\u015fgal g\u00fc\u00e7lerinin, El Yarubiye b\u00f6lgesinde yer alan Tel Elo\u2019nun silolar\u0131ndan \u00e7al\u0131nan Suriye bu\u011fday\u0131 y\u00fckl\u00fc 35 kamyondan olu\u015fan yeni bir konvoyun, yasad\u0131\u015f\u0131 el Velid ge\u00e7idinden Irak\u2019a do\u011fru ka\u00e7\u0131rd\u0131\u011f\u0131n\u0131 belirtti.<\/p>\n<p>\u00c7eviri: M.Y<\/p>\n","protected":false},"excerpt":{"rendered":"<p>HASEKE \u2013 \u0130\u015fgalci Amerikan g\u00fc\u00e7leri, Suriye zenginlikleri ya\u011fmalamaya devam ederek, \u00e7al\u0131nt\u0131 Suriye bu\u011fday\u0131 ile y\u00fckl\u00fc yeni bir konvoyu Haseke k\u0131rsal\u0131nda yer alan Tel Elo\u2019nun silolar\u0131ndan Irak\u2019a do\u011fru ka\u00e7\u0131rd\u0131. Yerel kaynaklar SANA muhabirine, Amerikan i\u015fgal g\u00fc\u00e7lerinin, El Yarubiye b\u00f6lgesinde yer alan Tel Elo\u2019nun silolar\u0131ndan \u00e7al\u0131nan Suriye bu\u011fday\u0131 y\u00fckl\u00fc 35 kamyondan olu\u015fan yeni bir konvoyun, yasad\u0131\u015f\u0131 el &hellip;<\/p>\n","protected":false},"author":36,"featured_media":235176,"comment_status":"closed","ping_status":"closed","sticky":false,"template":"","format":"standard","meta":{"footnotes":""},"categories":[479,575,17988,478],"tags":[],"class_list":["post-235175","post","type-post","status-publish","format-standard","has-post-thumbnail","","category-haberler-yerel","category-olaylar-ve-gercekler","category-son-haberler","category-yerel"],"_links":{"self":[{"href":"https:\/\/archive.sana.sy\/tr\/index.php?rest_route=\/wp\/v2\/posts\/235175","targetHints":{"allow":["GET"]}}],"collection":[{"href":"https:\/\/archive.sana.sy\/tr\/index.php?rest_route=\/wp\/v2\/posts"}],"about":[{"href":"https:\/\/archive.sana.sy\/tr\/index.php?rest_route=\/wp\/v2\/types\/post"}],"author":[{"embeddable":true,"href":"https:\/\/archive.sana.sy\/tr\/index.php?rest_route=\/wp\/v2\/users\/36"}],"replies":[{"embeddable":true,"href":"https:\/\/archive.sana.sy\/tr\/index.php?rest_route=%2Fwp%2Fv2%2Fcomments&post=235175"}],"version-history":[{"count":0,"href":"https:\/\/archive.sana.sy\/tr\/index.php?rest_route=\/wp\/v2\/posts\/235175\/revisions"}],"wp:featuredmedia":[{"embeddable":true,"href":"https:\/\/archive.sana.sy\/tr\/index.php?rest_route=\/wp\/v2\/media\/235176"}],"wp:attachment":[{"href":"https:\/\/archive.sana.sy\/tr\/index.php?rest_route=%2Fwp%2Fv2%2Fmedia&parent=235175"}],"wp:term":[{"taxonomy":"category","embeddable":true,"href":"https:\/\/archive.sana.sy\/tr\/index.php?rest_route=%2Fwp%2Fv2%2Fcategories&post=235175"},{"taxonomy":"post_tag","embeddable":true,"href":"https:\/\/archive.sana.sy\/tr\/index.php?rest_route=%2Fwp%2Fv2%2Ftags&post=235175"}],"curies":[{"name":"wp","href":"https:\/\/api.w.org\/{rel}","templated":true}]}}