{"id":235178,"date":"2021-05-24T09:00:31","date_gmt":"2021-05-24T06:00:31","guid":{"rendered":"http:\/\/107.6.182.27\/tr\/?p=235178"},"modified":"2021-05-25T16:07:41","modified_gmt":"2021-05-25T13:07:41","slug":"dsg-milisleri-haseke-kirsalinda-4-sivili-kacirdi","status":"publish","type":"post","link":"https:\/\/archive.sana.sy\/tr\/?p=235178","title":{"rendered":"DSG Milisleri, Haseke K\u0131rsal\u0131ndan 4 Sivili Ka\u00e7\u0131rd\u0131"},"content":{"rendered":"<p>HASEKE \u2013 Ameriken i\u015fgal g\u00fc\u00e7leri taraf\u0131ndan desteklenen \u201cDSG\u201d milisleri, el Cezire b\u00f6lgesinde yay\u0131ld\u0131klar\u0131 b\u00f6lgelerde halka kar\u015f\u0131 su\u00e7lu uygulamalar\u0131na devam ederek, Haseke k\u0131rsal\u0131nda yer alan Tel Hamis beldesinden 4 sivili ka\u00e7\u0131r\u0131p bilinmeyen bir yere g\u00f6t\u00fcrd\u00fc.<\/p>\n<p>Yerel kaynaklar SANA muahbirine, DSG milislerinin, Tel Hamis Beldesinde yer alan Cebel mahallesine bask\u0131n d\u00fczenledi\u011fini belirtirken, 4 sivili ka\u00e7\u0131rd\u0131\u011f\u0131na i\u015faret etti.<\/p>\n<p>Kaynaklar, ka\u00e7\u0131ran d\u00f6rt ki\u015finin T\u00fcrk i\u015fgal g\u00fc\u00e7leri ve kiral\u0131klar\u0131 taraf\u0131ndan Rasul Ayn Kentinden s\u0131n\u0131r d\u0131\u015f\u0131 edilen vatanda\u015flar oldu\u011funa dikkat \u00e7ekti.<\/p>\n<p>\u00c7eviri: M.Y<\/p>\n","protected":false},"excerpt":{"rendered":"<p>HASEKE \u2013 Ameriken i\u015fgal g\u00fc\u00e7leri taraf\u0131ndan desteklenen \u201cDSG\u201d milisleri, el Cezire b\u00f6lgesinde yay\u0131ld\u0131klar\u0131 b\u00f6lgelerde halka kar\u015f\u0131 su\u00e7lu uygulamalar\u0131na devam ederek, Haseke k\u0131rsal\u0131nda yer alan Tel Hamis beldesinden 4 sivili ka\u00e7\u0131r\u0131p bilinmeyen bir yere g\u00f6t\u00fcrd\u00fc. Yerel kaynaklar SANA muahbirine, DSG milislerinin, Tel Hamis Beldesinde yer alan Cebel mahallesine bask\u0131n d\u00fczenledi\u011fini belirtirken, 4 sivili ka\u00e7\u0131rd\u0131\u011f\u0131na i\u015faret etti. &hellip;<\/p>\n","protected":false},"author":36,"featured_media":235183,"comment_status":"closed","ping_status":"closed","sticky":false,"template":"","format":"standard","meta":{"footnotes":""},"categories":[479,575,17988,478],"tags":[],"class_list":["post-235178","post","type-post","status-publish","format-standard","has-post-thumbnail","","category-haberler-yerel","category-olaylar-ve-gercekler","category-son-haberler","category-yerel"],"_links":{"self":[{"href":"https:\/\/archive.sana.sy\/tr\/index.php?rest_route=\/wp\/v2\/posts\/235178","targetHints":{"allow":["GET"]}}],"collection":[{"href":"https:\/\/archive.sana.sy\/tr\/index.php?rest_route=\/wp\/v2\/posts"}],"about":[{"href":"https:\/\/archive.sana.sy\/tr\/index.php?rest_route=\/wp\/v2\/types\/post"}],"author":[{"embeddable":true,"href":"https:\/\/archive.sana.sy\/tr\/index.php?rest_route=\/wp\/v2\/users\/36"}],"replies":[{"embeddable":true,"href":"https:\/\/archive.sana.sy\/tr\/index.php?rest_route=%2Fwp%2Fv2%2Fcomments&post=235178"}],"version-history":[{"count":0,"href":"https:\/\/archive.sana.sy\/tr\/index.php?rest_route=\/wp\/v2\/posts\/235178\/revisions"}],"wp:featuredmedia":[{"embeddable":true,"href":"https:\/\/archive.sana.sy\/tr\/index.php?rest_route=\/wp\/v2\/media\/235183"}],"wp:attachment":[{"href":"https:\/\/archive.sana.sy\/tr\/index.php?rest_route=%2Fwp%2Fv2%2Fmedia&parent=235178"}],"wp:term":[{"taxonomy":"category","embeddable":true,"href":"https:\/\/archive.sana.sy\/tr\/index.php?rest_route=%2Fwp%2Fv2%2Fcategories&post=235178"},{"taxonomy":"post_tag","embeddable":true,"href":"https:\/\/archive.sana.sy\/tr\/index.php?rest_route=%2Fwp%2Fv2%2Ftags&post=235178"}],"curies":[{"name":"wp","href":"https:\/\/api.w.org\/{rel}","templated":true}]}}