{"id":23582,"date":"2015-02-10T16:05:25","date_gmt":"2015-02-10T14:05:25","guid":{"rendered":"http:\/\/www.sana.sy\/tr\/?p=23582"},"modified":"2015-02-10T16:05:25","modified_gmt":"2015-02-10T14:05:25","slug":"askeri-kaynak-ordu-birliklerimizin-dera-kirsalinin-kuzeybatisi-deyr-el-ades-beldesi-ve-beldeye-bakan-msayyi-tepesini-siyonist-israil-destekli-teror-cetelerden-temizleyip-ahalinin-guvenligini-sagladikl","status":"publish","type":"post","link":"https:\/\/archive.sana.sy\/tr\/?p=23582","title":{"rendered":"Askeri kaynak ordu birliklerimizin Dera k\u0131rsal\u0131n\u0131n kuzeybat\u0131s\u0131 Deyr el Ades Beldesi ve beldeye bakan Msayyi Tepesini Siyonist \u0130srail destekli ter\u00f6r \u00e7etelerden temizleyip ahalinin g\u00fcvenli\u011fini sa\u011flad\u0131klar\u0131n\u0131 belirtti. Kaynak operasyonlarda olduk\u00e7a y\u00fcksek say\u0131da ter\u00f6ristin \u00f6ld\u00fcr\u00fcld\u00fc\u011f\u00fcn\u00fc aktard\u0131."},"content":{"rendered":"<p>Askeri kaynak ordu birliklerimizin Dera k\u0131rsal\u0131n\u0131n kuzeybat\u0131s\u0131 Deyr el Ades Beldesi ve beldeye bakan Msayyi Tepesini Siyonist \u0130srail destekli ter\u00f6r \u00e7etelerden temizleyip ahalinin g\u00fcvenli\u011fini sa\u011flad\u0131klar\u0131n\u0131 belirtti. Kaynak operasyonlarda olduk\u00e7a y\u00fcksek say\u0131da ter\u00f6ristin \u00f6ld\u00fcr\u00fcld\u00fc\u011f\u00fcn\u00fc aktard\u0131.<\/p>\n","protected":false},"excerpt":{"rendered":"<p>Askeri kaynak ordu birliklerimizin Dera k\u0131rsal\u0131n\u0131n kuzeybat\u0131s\u0131 Deyr el Ades Beldesi ve beldeye bakan Msayyi Tepesini Siyonist \u0130srail destekli ter\u00f6r \u00e7etelerden temizleyip ahalinin g\u00fcvenli\u011fini sa\u011flad\u0131klar\u0131n\u0131 belirtti. Kaynak operasyonlarda olduk\u00e7a y\u00fcksek say\u0131da ter\u00f6ristin \u00f6ld\u00fcr\u00fcld\u00fc\u011f\u00fcn\u00fc aktard\u0131.<\/p>\n","protected":false},"author":1,"featured_media":0,"comment_status":"closed","ping_status":"closed","sticky":false,"template":"","format":"standard","meta":{"footnotes":""},"categories":[1],"tags":[11409],"class_list":["post-23582","post","type-post","status-publish","format-standard","","category-news-not-sorted","tag-askeri-kaynak-ordu-birliklerimizin-dera-kirsalinin-kuzeybatisi-deyr-el-ades-beldesi-ve-beldeye-bakan-msayyi-tepesini-siyonist-israil-destekli-teror-cetelerden-temizleyip-ahalinin-guvenligini-sagladikl"],"_links":{"self":[{"href":"https:\/\/archive.sana.sy\/tr\/index.php?rest_route=\/wp\/v2\/posts\/23582","targetHints":{"allow":["GET"]}}],"collection":[{"href":"https:\/\/archive.sana.sy\/tr\/index.php?rest_route=\/wp\/v2\/posts"}],"about":[{"href":"https:\/\/archive.sana.sy\/tr\/index.php?rest_route=\/wp\/v2\/types\/post"}],"author":[{"embeddable":true,"href":"https:\/\/archive.sana.sy\/tr\/index.php?rest_route=\/wp\/v2\/users\/1"}],"replies":[{"embeddable":true,"href":"https:\/\/archive.sana.sy\/tr\/index.php?rest_route=%2Fwp%2Fv2%2Fcomments&post=23582"}],"version-history":[{"count":0,"href":"https:\/\/archive.sana.sy\/tr\/index.php?rest_route=\/wp\/v2\/posts\/23582\/revisions"}],"wp:attachment":[{"href":"https:\/\/archive.sana.sy\/tr\/index.php?rest_route=%2Fwp%2Fv2%2Fmedia&parent=23582"}],"wp:term":[{"taxonomy":"category","embeddable":true,"href":"https:\/\/archive.sana.sy\/tr\/index.php?rest_route=%2Fwp%2Fv2%2Fcategories&post=23582"},{"taxonomy":"post_tag","embeddable":true,"href":"https:\/\/archive.sana.sy\/tr\/index.php?rest_route=%2Fwp%2Fv2%2Ftags&post=23582"}],"curies":[{"name":"wp","href":"https:\/\/api.w.org\/{rel}","templated":true}]}}