{"id":23584,"date":"2015-02-10T16:09:12","date_gmt":"2015-02-10T14:09:12","guid":{"rendered":"http:\/\/www.sana.sy\/tr\/?p=23584"},"modified":"2015-02-10T16:09:12","modified_gmt":"2015-02-10T14:09:12","slug":"abdliler-suriye-konusunda-kustahca-davraniyor","status":"publish","type":"post","link":"https:\/\/archive.sana.sy\/tr\/?p=23584","title":{"rendered":"ABD\u2019liler Suriye Konusunda K\u00fcstah\u00e7a Davran\u0131yor"},"content":{"rendered":"<p>MOSKOVA \u2013 Rusya&#8217;n\u0131n Birle\u015fmi\u015f Milletlerdeki daimi temsilcisi Vitaly Churkin; \u2018ABD\u2019lilerin Suriye&#8217;deki krize y\u00f6netimin gitmesi haricinde \u00e7\u00f6z\u00fcm g\u00f6rmemeye \u0131srar etmekle k\u00fcstah\u00e7a davrand\u0131klar\u0131n\u0131\u2019 belirtti.<\/p>\n<p>Rusya 24 Kanal\u0131 ile d\u00fcn m\u00fclakat\u0131nda Churkin; ABD\u2019lilerin son s\u00fcre\u00e7 i\u00e7inde Suriye&#8217;de y\u00f6netimin gelece\u011fine ili\u015fkin a\u00e7\u0131klamalar\u0131n\u0131 azaltt\u0131klar\u0131na dikkat \u00e7ekti.<\/p>\n<p>Churkin bunun Suriye&#8217;de siyasi s\u00fcreci s\u00fcrd\u00fcrme ve ilerlemeye bir g\u00f6sterge te\u015fkil edebilece\u011fini var sayd\u0131.<\/p>\n<p>BM\u2019nin Suriye&#8217;deki krize ili\u015fkin rol\u00fc konusunda ise Churkin; BM genel sekreterinin Suriye \u00f6zel temsilcisi Stafan de Mistura\u2019n\u0131n pratik ad\u0131mlar \u00fczerine odakland\u0131\u011f\u0131n\u0131 s\u00f6yledi.<\/p>\n<p>Churkin de Mistura\u2019n\u0131n son bir aydan beri Suriye h\u00fck\u00fcmeti ile muhalefet aras\u0131nda Halep Kentinde \u00e7at\u0131\u015fmalar\u0131n dondurulmas\u0131 \u00fczerine bir dizi temaslarda bulundu\u011funu s\u00f6yledi.<\/p>\n<p>A.A. &#8211; M.M.<\/p>\n","protected":false},"excerpt":{"rendered":"<p>MOSKOVA \u2013 Rusya&#8217;n\u0131n Birle\u015fmi\u015f Milletlerdeki daimi temsilcisi Vitaly Churkin; \u2018ABD\u2019lilerin Suriye&#8217;deki krize y\u00f6netimin gitmesi haricinde \u00e7\u00f6z\u00fcm g\u00f6rmemeye \u0131srar etmekle k\u00fcstah\u00e7a davrand\u0131klar\u0131n\u0131\u2019 belirtti. Rusya 24 Kanal\u0131 ile d\u00fcn m\u00fclakat\u0131nda Churkin; ABD\u2019lilerin son s\u00fcre\u00e7 i\u00e7inde Suriye&#8217;de y\u00f6netimin gelece\u011fine ili\u015fkin a\u00e7\u0131klamalar\u0131n\u0131 azaltt\u0131klar\u0131na dikkat \u00e7ekti. Churkin bunun Suriye&#8217;de siyasi s\u00fcreci s\u00fcrd\u00fcrme ve ilerlemeye bir g\u00f6sterge te\u015fkil edebilece\u011fini var sayd\u0131. &hellip;<\/p>\n","protected":false},"author":1,"featured_media":23585,"comment_status":"closed","ping_status":"closed","sticky":false,"template":"","format":"standard","meta":{"footnotes":""},"categories":[458,459,447],"tags":[11410,11411],"class_list":["post-23584","post","type-post","status-publish","format-standard","has-post-thumbnail","","category-dunya1","category-haberler-arap-uluslararasi-politika","category-politika","tag-abdliler-suriye-konusunda-kustahca-davraniyor","tag-moskova-rusyanin-birlesmis-milletlerdeki-daimi-temsilcisi-vitaly-churkin-abdlilerin-suriyedeki-krize-yonetimin-gitmesi-haricinde-cozum-gormemeye-israr-etmekle-kustahca-d"],"_links":{"self":[{"href":"https:\/\/archive.sana.sy\/tr\/index.php?rest_route=\/wp\/v2\/posts\/23584","targetHints":{"allow":["GET"]}}],"collection":[{"href":"https:\/\/archive.sana.sy\/tr\/index.php?rest_route=\/wp\/v2\/posts"}],"about":[{"href":"https:\/\/archive.sana.sy\/tr\/index.php?rest_route=\/wp\/v2\/types\/post"}],"author":[{"embeddable":true,"href":"https:\/\/archive.sana.sy\/tr\/index.php?rest_route=\/wp\/v2\/users\/1"}],"replies":[{"embeddable":true,"href":"https:\/\/archive.sana.sy\/tr\/index.php?rest_route=%2Fwp%2Fv2%2Fcomments&post=23584"}],"version-history":[{"count":0,"href":"https:\/\/archive.sana.sy\/tr\/index.php?rest_route=\/wp\/v2\/posts\/23584\/revisions"}],"wp:featuredmedia":[{"embeddable":true,"href":"https:\/\/archive.sana.sy\/tr\/index.php?rest_route=\/wp\/v2\/media\/23585"}],"wp:attachment":[{"href":"https:\/\/archive.sana.sy\/tr\/index.php?rest_route=%2Fwp%2Fv2%2Fmedia&parent=23584"}],"wp:term":[{"taxonomy":"category","embeddable":true,"href":"https:\/\/archive.sana.sy\/tr\/index.php?rest_route=%2Fwp%2Fv2%2Fcategories&post=23584"},{"taxonomy":"post_tag","embeddable":true,"href":"https:\/\/archive.sana.sy\/tr\/index.php?rest_route=%2Fwp%2Fv2%2Ftags&post=23584"}],"curies":[{"name":"wp","href":"https:\/\/api.w.org\/{rel}","templated":true}]}}