{"id":23587,"date":"2015-02-10T16:12:37","date_gmt":"2015-02-10T14:12:37","guid":{"rendered":"http:\/\/www.sana.sy\/tr\/?p=23587"},"modified":"2015-02-10T16:12:37","modified_gmt":"2015-02-10T14:12:37","slug":"washingtonun-hosuna-gitmese-de-bu-degismez-bir-gercektir","status":"publish","type":"post","link":"https:\/\/archive.sana.sy\/tr\/?p=23587","title":{"rendered":"Washington\u2019un Ho\u015funa Gitmese de Bu De\u011fi\u015fmez Bir Ger\u00e7ektir"},"content":{"rendered":"<p>WASH\u0130NGTON \u2013 ABD ulusal g\u00fcvenlik eski dan\u0131\u015fman\u0131 Zbigniew Brzezinski ABD idaresinin ba\u015ftan beri Suriye konusunda yanl\u0131\u015f politika izledi\u011fini ve hala bu yanl\u0131\u015f politikas\u0131n\u0131 s\u00fcrd\u00fcrd\u00fc\u011f\u00fcn\u00fc belirtti.<\/p>\n<p>ABD Senato Konseyinde Silahl\u0131 Hizmetler Komitesinin toplant\u0131s\u0131nda bulundu\u011fu m\u00fcdahalede Brzezinski; Cumhurba\u015fkan\u0131 Be\u015f\u015far el Esad\u2019\u0131n Suriye&#8217;de olduk\u00e7a geni\u015f bir halk deste\u011fine sahip oldu\u011funun alt\u0131n\u0131 \u00e7izdi.<\/p>\n<p>rzezinski Washington\u2019un ho\u015funa gitse yada gitmese de bunun mutlaka dikkate al\u0131nmas\u0131 gereken de\u011fi\u015fmez bir ger\u00e7ek oldu\u011funu belirtti.<\/p>\n<p>Brzezinski Suriye&#8217;de kimi \u2018muhalif cemaatlerin\u2019 \u00fclkede yeni bir \u00f6ld\u00fcrme ve y\u0131k\u0131m t\u00fcr\u00fc yaymaya \u00e7al\u0131\u015ft\u0131klar\u0131n\u0131, ABD idaresinin bu ger\u00e7e\u011fi de dikkate almas\u0131 gerekti\u011fini ifade etti.<\/p>\n<p>A.A. &#8211; M.M.<\/p>\n","protected":false},"excerpt":{"rendered":"<p>WASH\u0130NGTON \u2013 ABD ulusal g\u00fcvenlik eski dan\u0131\u015fman\u0131 Zbigniew Brzezinski ABD idaresinin ba\u015ftan beri Suriye konusunda yanl\u0131\u015f politika izledi\u011fini ve hala bu yanl\u0131\u015f politikas\u0131n\u0131 s\u00fcrd\u00fcrd\u00fc\u011f\u00fcn\u00fc belirtti. ABD Senato Konseyinde Silahl\u0131 Hizmetler Komitesinin toplant\u0131s\u0131nda bulundu\u011fu m\u00fcdahalede Brzezinski; Cumhurba\u015fkan\u0131 Be\u015f\u015far el Esad\u2019\u0131n Suriye&#8217;de olduk\u00e7a geni\u015f bir halk deste\u011fine sahip oldu\u011funun alt\u0131n\u0131 \u00e7izdi. rzezinski Washington\u2019un ho\u015funa gitse yada gitmese &hellip;<\/p>\n","protected":false},"author":1,"featured_media":23588,"comment_status":"closed","ping_status":"closed","sticky":false,"template":"","format":"standard","meta":{"footnotes":""},"categories":[458,459,447],"tags":[11413,11412],"class_list":["post-23587","post","type-post","status-publish","format-standard","has-post-thumbnail","","category-dunya1","category-haberler-arap-uluslararasi-politika","category-politika","tag-washington-abd-ulusal-guvenlik-eski-danismani-zbigniew-brzezinski-abd-idaresinin-bastan-beri-suriye-konusunda-yanlis-politika-izledigini-ve-hala-bu-yanlis-politikasini-surdurdugunu-belirtti","tag-washingtonun-hosuna-gitmese-de-bu-degismez-bir-gercektir"],"_links":{"self":[{"href":"https:\/\/archive.sana.sy\/tr\/index.php?rest_route=\/wp\/v2\/posts\/23587","targetHints":{"allow":["GET"]}}],"collection":[{"href":"https:\/\/archive.sana.sy\/tr\/index.php?rest_route=\/wp\/v2\/posts"}],"about":[{"href":"https:\/\/archive.sana.sy\/tr\/index.php?rest_route=\/wp\/v2\/types\/post"}],"author":[{"embeddable":true,"href":"https:\/\/archive.sana.sy\/tr\/index.php?rest_route=\/wp\/v2\/users\/1"}],"replies":[{"embeddable":true,"href":"https:\/\/archive.sana.sy\/tr\/index.php?rest_route=%2Fwp%2Fv2%2Fcomments&post=23587"}],"version-history":[{"count":0,"href":"https:\/\/archive.sana.sy\/tr\/index.php?rest_route=\/wp\/v2\/posts\/23587\/revisions"}],"wp:featuredmedia":[{"embeddable":true,"href":"https:\/\/archive.sana.sy\/tr\/index.php?rest_route=\/wp\/v2\/media\/23588"}],"wp:attachment":[{"href":"https:\/\/archive.sana.sy\/tr\/index.php?rest_route=%2Fwp%2Fv2%2Fmedia&parent=23587"}],"wp:term":[{"taxonomy":"category","embeddable":true,"href":"https:\/\/archive.sana.sy\/tr\/index.php?rest_route=%2Fwp%2Fv2%2Fcategories&post=23587"},{"taxonomy":"post_tag","embeddable":true,"href":"https:\/\/archive.sana.sy\/tr\/index.php?rest_route=%2Fwp%2Fv2%2Ftags&post=23587"}],"curies":[{"name":"wp","href":"https:\/\/api.w.org\/{rel}","templated":true}]}}