{"id":23590,"date":"2015-02-10T17:53:17","date_gmt":"2015-02-10T15:53:17","guid":{"rendered":"http:\/\/www.sana.sy\/tr\/?p=23590"},"modified":"2015-02-10T17:53:18","modified_gmt":"2015-02-10T15:53:18","slug":"teroristlerin-fuzesi-okul-civarina-dustu","status":"publish","type":"post","link":"https:\/\/archive.sana.sy\/tr\/?p=23590","title":{"rendered":"Ter\u00f6ristlerin F\u00fczesi Okul Civar\u0131na D\u00fc\u015ft\u00fc"},"content":{"rendered":"<p>HOMS \u2013 \u2018Il\u0131ml\u0131 muhalifler\u2019 olarak adland\u0131r\u0131lan ter\u00f6r \u00e7eteleri Homs Kentinin sivil yerle\u015fim alanlar\u0131ndan \u0130krima Semtini bir f\u00fczeyle hedef ald\u0131.<\/p>\n<p>Homs\u2019ta SANA muhabiri; \u0130krima Semtindeki Faik Muhammed Okulu \u00e7evresine bir f\u00fczenin d\u00fc\u015fmesi sonucunda be\u015feri hasar\u0131n olmad\u0131\u011f\u0131n\u0131 fakat maddi zararlara yol a\u00e7t\u0131\u011f\u0131n\u0131 ifade etti.<\/p>\n<p>M.M. &#8211; A.A.<\/p>\n","protected":false},"excerpt":{"rendered":"<p>HOMS \u2013 \u2018Il\u0131ml\u0131 muhalifler\u2019 olarak adland\u0131r\u0131lan ter\u00f6r \u00e7eteleri Homs Kentinin sivil yerle\u015fim alanlar\u0131ndan \u0130krima Semtini bir f\u00fczeyle hedef ald\u0131. Homs\u2019ta SANA muhabiri; \u0130krima Semtindeki Faik Muhammed Okulu \u00e7evresine bir f\u00fczenin d\u00fc\u015fmesi sonucunda be\u015feri hasar\u0131n olmad\u0131\u011f\u0131n\u0131 fakat maddi zararlara yol a\u00e7t\u0131\u011f\u0131n\u0131 ifade etti. M.M. &#8211; A.A.<\/p>\n","protected":false},"author":1,"featured_media":23592,"comment_status":"closed","ping_status":"closed","sticky":false,"template":"","format":"standard","meta":{"footnotes":""},"categories":[479,575,478],"tags":[11415,11414],"class_list":["post-23590","post","type-post","status-publish","format-standard","has-post-thumbnail","","category-haberler-yerel","category-olaylar-ve-gercekler","category-yerel","tag-homs-ilimli-muhalifler-olarak-adlandirilan-teror-ceteleri-homs-kentinin-sivil-yerlesim-alanlarindan-ikrima-semtini-bir-fuzeyle-hedef-aldi","tag-teroristlerin-fuzesi-okul-civarina-dustu"],"_links":{"self":[{"href":"https:\/\/archive.sana.sy\/tr\/index.php?rest_route=\/wp\/v2\/posts\/23590","targetHints":{"allow":["GET"]}}],"collection":[{"href":"https:\/\/archive.sana.sy\/tr\/index.php?rest_route=\/wp\/v2\/posts"}],"about":[{"href":"https:\/\/archive.sana.sy\/tr\/index.php?rest_route=\/wp\/v2\/types\/post"}],"author":[{"embeddable":true,"href":"https:\/\/archive.sana.sy\/tr\/index.php?rest_route=\/wp\/v2\/users\/1"}],"replies":[{"embeddable":true,"href":"https:\/\/archive.sana.sy\/tr\/index.php?rest_route=%2Fwp%2Fv2%2Fcomments&post=23590"}],"version-history":[{"count":0,"href":"https:\/\/archive.sana.sy\/tr\/index.php?rest_route=\/wp\/v2\/posts\/23590\/revisions"}],"wp:featuredmedia":[{"embeddable":true,"href":"https:\/\/archive.sana.sy\/tr\/index.php?rest_route=\/wp\/v2\/media\/23592"}],"wp:attachment":[{"href":"https:\/\/archive.sana.sy\/tr\/index.php?rest_route=%2Fwp%2Fv2%2Fmedia&parent=23590"}],"wp:term":[{"taxonomy":"category","embeddable":true,"href":"https:\/\/archive.sana.sy\/tr\/index.php?rest_route=%2Fwp%2Fv2%2Fcategories&post=23590"},{"taxonomy":"post_tag","embeddable":true,"href":"https:\/\/archive.sana.sy\/tr\/index.php?rest_route=%2Fwp%2Fv2%2Ftags&post=23590"}],"curies":[{"name":"wp","href":"https:\/\/api.w.org\/{rel}","templated":true}]}}