{"id":23594,"date":"2015-02-10T17:58:00","date_gmt":"2015-02-10T15:58:00","guid":{"rendered":"http:\/\/www.sana.sy\/tr\/?p=23594"},"modified":"2015-02-11T20:33:19","modified_gmt":"2015-02-11T18:33:19","slug":"terorun-karanlik-zulmune-karsi-operasyonlar-suruyor","status":"publish","type":"post","link":"https:\/\/archive.sana.sy\/tr\/?p=23594","title":{"rendered":"Ter\u00f6r\u00fcn Karanl\u0131k Zulm\u00fcne Kar\u015f\u0131 Operasyonlar S\u00fcr\u00fcyor"},"content":{"rendered":"<p>\u0130LLER \u2013 Silahl\u0131 ter\u00f6r gruplar\u0131n\u0131n d\u0131\u015far\u0131dan ald\u0131klar\u0131 finans ve silah deste\u011fi arac\u0131l\u0131\u011f\u0131yla kontrol\u00fc ele ge\u00e7irdikleri b\u00f6lgeler ba\u015fta olmak \u00fczere ter\u00f6r\u00fcn varl\u0131k g\u00f6sterdi\u011fi her alanda m\u00fccadelelerini s\u00fcrd\u00fcren ordu birliklerimiz bug\u00fcn de b\u00fcy\u00fck ba\u015far\u0131lar sa\u011flad\u0131lar.<\/p>\n<p><span style=\"color: #0000ff\">Do\u011fu Guta\u2019da Ter\u00f6r H\u00fccrelerine Operasyonlarda \u0130slam Ordusu \u00d6rg\u00fct\u00fcnden \u00c7ok Say\u0131da Ter\u00f6rist \u00d6ld\u00fcr\u00fcld\u00fc<\/span><\/p>\n<p>\u015eam K\u0131rsal\u0131nda ordu birliklerimiz Do\u011fu Guta\u2019da ter\u00f6ristlerin h\u00fccrelerine y\u00f6nelik d\u00fczenledi\u011fi biz dizi ba\u015far\u0131l\u0131 operasyon sonucunda baz\u0131lar\u0131 Tunus uyruklu \u00e7ok say\u0131da ter\u00f6risti \u00f6ld\u00fcrd\u00fc.<\/p>\n<p><a href=\"http:\/\/www.sana.sy\/tr\/wp-content\/uploads\/2015\/02\/\u011futa.jpg\"><img loading=\"lazy\" decoding=\"async\" class=\" size-medium wp-image-23667 alignright\" src=\"http:\/\/www.sana.sy\/tr\/wp-content\/uploads\/2015\/02\/\u011futa-300x225.jpg\" alt=\"\u011futa\" width=\"300\" height=\"225\" srcset=\"https:\/\/archive.sana.sy\/tr\/wp-content\/uploads\/2015\/02\/\u011futa-300x225.jpg 300w, https:\/\/archive.sana.sy\/tr\/wp-content\/uploads\/2015\/02\/\u011futa-150x113.jpg 150w, https:\/\/archive.sana.sy\/tr\/wp-content\/uploads\/2015\/02\/\u011futa-1024x768.jpg 1024w, https:\/\/archive.sana.sy\/tr\/wp-content\/uploads\/2015\/02\/\u011futa.jpg 1440w\" sizes=\"auto, (max-width: 300px) 100vw, 300px\" \/><\/a>SANA saha muhabiri otogar \u00e7evresi ve Arbin Beldesinde biri keskin ni\u015fanc\u0131 3 ter\u00f6rist yan\u0131 s\u0131ra Kefar Batna\u2019da tekfiri ter\u00f6r \u00f6rg\u00fctlerinin bir h\u00fccresine y\u00f6nelik d\u00fczenledikleri operasyon sonucunda Bilad el \u015eam\u2019da Kaide\u2019nin kolu olan Nusra Cephesi ter\u00f6r \u00f6rg\u00fct\u00fc ele ba\u015flar\u0131ndan Abdurrahman Taklac\u0131\u2019n\u0131n yaralanmas\u0131 ve h\u00fccrenin imha edilmesine yol a\u00e7t\u0131\u011f\u0131n\u0131 s\u00f6yledi.<\/p>\n<p>Do\u011fu Guta derinliklerindeki Merc el Sultan K\u00f6y\u00fcne y\u00f6nelik d\u00fczenlenen ba\u015far\u0131l\u0131 operasyon sonucunda da b\u00fcr h\u00fccre imha edilirken \u00e7ok sya\u0131da ter\u00f6rist \u00f6ld\u00fcr\u00fcld\u00fc. \u00d6len ter\u00f6ristler aras\u0131nda Z\u00fcheyr Rihavi, Mecdi \u015eami, Nidal Alyo, Nevres Cepker ve Nizar Debbur adl\u0131 ter\u00f6ristlerin bulundu\u011fu ifade edildi.<\/p>\n<p>Bir ordu birli\u011fimizin Deyr el Asafir giri\u015finde ter\u00f6ristlerin bir h\u00fccresine y\u00f6nelik d\u00fczenledi\u011fi ba\u015far\u0131l\u0131 operasyon sonucunda da i\u00e7inde bulunan b\u00fct\u00fcn ter\u00f6ristlerin \u00f6ld\u00fcr\u00fclmesiyle sonu\u00e7lan\u0131rken \u00f6len ter\u00f6ristler aras\u0131nda Tunuslu ter\u00f6rist Ahmet Gurseyli yan\u0131 s\u0131ra Fayiz Ali H\u00fcseyin, Vail Dalati, Dahham Mecbel, ve Zahi Kesvani\u2019nin bulundu\u011fu belirtildi.<\/p>\n<p>Duma Kuzey taraflar\u0131nda bulunan Aliya \u00c7iftliklerine y\u00f6nelik operasyonlar\u0131n\u0131 s\u00fcrd\u00fcren ordu birliklerimiz aralar\u0131nda Hi\u015fam \u015eeyh Bekri, \u0130mad Abdulmecid, Muhammed Ucve ve Rag\u0131p Neccar\u2019\u0131n bulundu\u011fu s\u00f6zde \u201c\u0130slam ordusu\u201d adl\u0131 ter\u00f6r \u00f6rg\u00fct\u00fcnden \u00e7ok say\u0131da ter\u00f6risti \u00f6l\u00fc d\u00fc\u015f\u00fcrd\u00fc.<\/p>\n<p>Askeri kaynak, ordu birliklerimizin \u015eam K\u0131rsal\u0131 Meydaa\u2019dan Dumayr\u2019a firar giri\u015fiminde bulunan bir ter\u00f6rist grubun tamam\u0131n\u0131 d\u00fczenledikleri ba\u015far\u0131l\u0131 pusu sonucunda \u00f6l\u00fc d\u00fc\u015f\u00fcrd\u00fcklerini s\u00f6yledi.<\/p>\n<p><a href=\"https:\/\/www.youtube.com\/watch?v=lcmj5HUz92I\">https:\/\/www.youtube.com\/watch?v=lcmj5HUz92I<\/a><\/p>\n<p><span style=\"color: #0000ff\">El Denaci Beldesi Karanl\u0131k Zulm\u00fcn Ablukas\u0131ndan Kurtar\u0131ld\u0131<\/span><\/p>\n<p>Ordu birliklerimiz, silahl\u0131 ter\u00f6r gruplar\u0131n\u0131n karanl\u0131k zul\u00fcmleriyle abluka alt\u0131na ald\u0131klar\u0131, \u015eam K\u0131rsal\u0131n\u0131n el Denaci Beldesinde ter\u00f6re kar\u015f\u0131 b\u00fcy\u00fck bir \u00fcst\u00fcnl\u00fck sa\u011flayarak kontrol\u00fc sa\u011flad\u0131lar.<\/p>\n<p>Son ter\u00f6r yuvalar\u0131n\u0131 yok ederek ter\u00f6ristleri hezimete u\u011fratt\u0131ktan sonra beldede kontrol\u00fc sa\u011flad\u0131klar\u0131n\u0131 ilan eden ordu birliklerimiz beldede bulunan may\u0131n, patlay\u0131c\u0131 ve b\u00fct\u00fcn ter\u00f6r kal\u0131nt\u0131lar\u0131n\u0131 temizlemek i\u00e7in \u00e7al\u0131\u015fmalara ba\u015flad\u0131lar.<\/p>\n<p>Bununla birlikte \u015eam K\u0131rsal\u0131n\u0131n Deyr Maker b\u00f6lgesinade silahl\u0131 ter\u00f6r gruplar\u0131na b\u00fcy\u00fck kay\u0131plar verdiren ordu birliklerimiz \u015eam-Kunaytra ve Dera k\u0131rsallar\u0131 aras\u0131ndaki b\u00f6lgelerde s\u00fcrd\u00fcrd\u00fckleri operasyonlar kapsam\u0131nda onlarca ter\u00f6risti \u00f6l\u00fc ve yaral\u0131 olarak ele ge\u00e7irdiler.<\/p>\n<p><span style=\"color: #0000ff\">Homs K\u0131rsal\u0131nda Ter\u00f6r Gruplar\u0131 B\u00fcy\u00fck Kay\u0131plar Verdiler<\/span><\/p>\n<p>Homs K\u0131rsal\u0131n\u0131n el Vaar, \u00dcm el Riy\u015f, Duveybe, Mesaade, Ebu Alaya, Rehhum b\u00f6lge ve k\u00f6ylerinde devam eden operasyonlar kapsam\u0131nda ordu birliklerimiz ter\u00f6r saflar\u0131na b\u00fcy\u00fck be\u015feri ve lojistik kay\u0131plar verdirdiler.<\/p>\n<p>B\u00fct\u00fcn g\u00fc\u00e7lerini toplayarak \u00dcm el Riy\u015f, Duveybe ve Mesaade k\u00f6ylerine b\u00fcy\u00fck bir sald\u0131r\u0131 giri\u015fiminde bulunan ter\u00f6r gruplar\u0131 ordu birliklerimiz kar\u015f\u0131s\u0131nda b\u00fcy\u00fck kay\u0131plar verdiler.<\/p>\n<p><span style=\"color: #0000ff\">Dera K\u0131rsal\u0131nda \u00c7ok Say\u0131da Ter\u00f6rist \u00d6l\u00fc ve Yaral\u0131 D\u00fc\u015f\u00fcr\u00fcld\u00fc<\/span><\/p>\n<p>Dera K\u0131rsal\u0131n\u0131n Daal B\u00f6lgesi, el Fakkii Tar\u0131m Arazileri ve \u011earz K\u00f6y\u00fcnde d\u00fczenlenen operalarda silahl\u0131 ter\u00f6r gruplar\u0131na b\u00fcy\u00fck be\u015feri ve lojistik kay\u0131plar verdirildi.<\/p>\n<p>Ayr\u0131ca Akrabe Beldesi ve Lucca B\u00f6lgesinde de operasyonlar\u0131 s\u00fcrd\u00fcren kahraman birliklerimiz ter\u00f6ristlerle girdikleri \u00e7at\u0131\u015fmalarda \u00e7ok say\u0131da ter\u00f6risti \u00f6l\u00fc ve yaral\u0131 olarak ele ge\u00e7irmeyi ba\u015fard\u0131lar.<\/p>\n<p><a href=\"https:\/\/www.youtube.com\/watch?v=lDBcSQ7ApEQ\">https:\/\/www.youtube.com\/watch?v=lDBcSQ7ApEQ<\/a><\/p>\n<p><span style=\"color: #0000ff\">T\u00fcrkiye S\u0131n\u0131r\u0131ndan S\u0131zan Onlarca Yabanc\u0131 Ter\u00f6rist \u00d6ld\u00fcr\u00fcld\u00fc<\/span><\/p>\n<p>Askeri kaynak, ordu birliklerimizin Lazkiye kuzey k\u0131rsal\u0131n\u0131n Dru\u015fan ve el Hadra K\u00f6ylerinde bulunan ter\u00f6rist \u00f6rg\u00fctlerin h\u00fccrelerine y\u00f6nelik d\u00fczenledi\u011fi ba\u015far\u0131l\u0131 operasyonlar sonucunda, muhtelif ayarda a\u011f\u0131r taramal\u0131 silahlar\u0131n monte edildi\u011fi 3 ara\u00e7, cephane, \u0130srail ve Amerikan yap\u0131m\u0131 geli\u015fmi\u015f elektronik cihazlar\u0131n bulundu\u011fu bir depoyu imha ettiklerini s\u00f6yledi.<\/p>\n<p>Kaynak, operasyon sonucunda aralar\u0131nda yabanc\u0131 uyruklular\u0131n da bulundu\u011fu 11 ter\u00f6ristin \u00f6ld\u00fcr\u00fcld\u00fc\u011f\u00fcn\u00fc, \u00f6len ter\u00f6ristler aras\u0131nda Semir Bah\u015fa\u015f, Muhammed Masri, s\u00f6zde Megavir T\u00fcmen lideri Sait Abu Mahrus, Halil Da\u011f\u015fu\u015f ve Filistinli Muhammed Melayibe\u2019nin bulundu\u011funu ifade etti.<\/p>\n<p>Bilinece\u011fi \u00fczere Lazkiye kuzey k\u0131rsal\u0131na ter\u00f6ristler yak\u0131n olan T\u00fcrkiye s\u0131n\u0131r\u0131ndan s\u0131zarak Nusra Cephesi ve di\u011fer tekfiri ter\u00f6r \u00f6rg\u00fctleri saflar\u0131nda sava\u015f\u0131yor.<\/p>\n<p>Kaynak, ordu birliklerimizin operasyonlar\u0131n\u0131n ayr\u0131ca Cub Kabto, ve Sakiyet el Kert K\u00f6ylerinde bulunan toplanma merkezlerini de hedef ald\u0131\u011f\u0131n\u0131 bunun sonucunda \u00e7ok say\u0131da ter\u00f6ristin \u00f6l\u00fc ve yaral\u0131 d\u00fc\u015f\u00fcr\u00fcld\u00fc\u011f\u00fcn\u00fc s\u00f6yledi.<\/p>\n<p>Lazkiye ve k\u0131rsal\u0131nda g\u00fcvenli sakinleri hedef alan Erdo\u011fan rejiminden do\u011frudan destek alan ve koordinasyon i\u00e7erisinde bulunan Nusra Cephesi, Ahrarul \u015eam, \u0130slam Ordusu ve di\u011fer tekfiri ter\u00f6r \u00f6rg\u00fctlerin h\u00fccrelerine y\u00f6nelik ordu operasyonlar\u0131 s\u00fcr\u00fcyor.<\/p>\n<p style=\"text-align: center\"><strong><span style=\"color: #0000ff\">DERA<\/span><\/strong><\/p>\n<div id='gallery-1' class='gallery galleryid-23594 gallery-columns-2 gallery-size-thumbnail'><figure class='gallery-item'>\n\t\t\t<div class='gallery-icon landscape'>\n\t\t\t\t<a href='https:\/\/archive.sana.sy\/tr\/wp-content\/uploads\/2015\/02\/dera-8.jpg'><img loading=\"lazy\" decoding=\"async\" width=\"150\" height=\"113\" src=\"https:\/\/archive.sana.sy\/tr\/wp-content\/uploads\/2015\/02\/dera-8-150x113.jpg\" class=\"attachment-thumbnail size-thumbnail\" alt=\"\" srcset=\"https:\/\/archive.sana.sy\/tr\/wp-content\/uploads\/2015\/02\/dera-8-150x113.jpg 150w, https:\/\/archive.sana.sy\/tr\/wp-content\/uploads\/2015\/02\/dera-8-300x225.jpg 300w, https:\/\/archive.sana.sy\/tr\/wp-content\/uploads\/2015\/02\/dera-8-1024x768.jpg 1024w, https:\/\/archive.sana.sy\/tr\/wp-content\/uploads\/2015\/02\/dera-8.jpg 1440w\" sizes=\"auto, (max-width: 150px) 100vw, 150px\" \/><\/a>\n\t\t\t<\/div><\/figure><figure class='gallery-item'>\n\t\t\t<div class='gallery-icon landscape'>\n\t\t\t\t<a href='https:\/\/archive.sana.sy\/tr\/wp-content\/uploads\/2015\/02\/dera-9.jpg'><img loading=\"lazy\" decoding=\"async\" width=\"150\" height=\"113\" src=\"https:\/\/archive.sana.sy\/tr\/wp-content\/uploads\/2015\/02\/dera-9-150x113.jpg\" class=\"attachment-thumbnail size-thumbnail\" alt=\"\" srcset=\"https:\/\/archive.sana.sy\/tr\/wp-content\/uploads\/2015\/02\/dera-9-150x113.jpg 150w, https:\/\/archive.sana.sy\/tr\/wp-content\/uploads\/2015\/02\/dera-9-300x225.jpg 300w, https:\/\/archive.sana.sy\/tr\/wp-content\/uploads\/2015\/02\/dera-9-1024x768.jpg 1024w, https:\/\/archive.sana.sy\/tr\/wp-content\/uploads\/2015\/02\/dera-9.jpg 1440w\" sizes=\"auto, (max-width: 150px) 100vw, 150px\" \/><\/a>\n\t\t\t<\/div><\/figure>\n\t\t<\/div>\n\n<p>F.B. &#8211; M.M. &#8211; S.\u015e. &#8211; R.H.<\/p>\n","protected":false},"excerpt":{"rendered":"<p>\u0130LLER \u2013 Silahl\u0131 ter\u00f6r gruplar\u0131n\u0131n d\u0131\u015far\u0131dan ald\u0131klar\u0131 finans ve silah deste\u011fi arac\u0131l\u0131\u011f\u0131yla kontrol\u00fc ele ge\u00e7irdikleri b\u00f6lgeler ba\u015fta olmak \u00fczere ter\u00f6r\u00fcn varl\u0131k g\u00f6sterdi\u011fi her alanda m\u00fccadelelerini s\u00fcrd\u00fcren ordu birliklerimiz bug\u00fcn de b\u00fcy\u00fck ba\u015far\u0131lar sa\u011flad\u0131lar. Do\u011fu Guta\u2019da Ter\u00f6r H\u00fccrelerine Operasyonlarda \u0130slam Ordusu \u00d6rg\u00fct\u00fcnden \u00c7ok Say\u0131da Ter\u00f6rist \u00d6ld\u00fcr\u00fcld\u00fc \u015eam K\u0131rsal\u0131nda ordu birliklerimiz Do\u011fu Guta\u2019da ter\u00f6ristlerin h\u00fccrelerine y\u00f6nelik d\u00fczenledi\u011fi &hellip;<\/p>\n","protected":false},"author":1,"featured_media":23597,"comment_status":"closed","ping_status":"closed","sticky":false,"template":"","format":"standard","meta":{"footnotes":""},"categories":[575],"tags":[11417,11416],"class_list":["post-23594","post","type-post","status-publish","format-standard","has-post-thumbnail","","category-olaylar-ve-gercekler","tag-iller-silahli-teror-gruplarinin-disaridan-aldiklari-finans-ve-silah-destegi-araciligiyla-kontrolu-ele-gecirdikleri-bolgeler-basta-olmak-uzere-terorun-varlik-gosterdigi-her-alanda-mucadeleler","tag-terorun-karanlik-zulmune-karsi-operasyonlar-suruyor"],"_links":{"self":[{"href":"https:\/\/archive.sana.sy\/tr\/index.php?rest_route=\/wp\/v2\/posts\/23594","targetHints":{"allow":["GET"]}}],"collection":[{"href":"https:\/\/archive.sana.sy\/tr\/index.php?rest_route=\/wp\/v2\/posts"}],"about":[{"href":"https:\/\/archive.sana.sy\/tr\/index.php?rest_route=\/wp\/v2\/types\/post"}],"author":[{"embeddable":true,"href":"https:\/\/archive.sana.sy\/tr\/index.php?rest_route=\/wp\/v2\/users\/1"}],"replies":[{"embeddable":true,"href":"https:\/\/archive.sana.sy\/tr\/index.php?rest_route=%2Fwp%2Fv2%2Fcomments&post=23594"}],"version-history":[{"count":0,"href":"https:\/\/archive.sana.sy\/tr\/index.php?rest_route=\/wp\/v2\/posts\/23594\/revisions"}],"wp:featuredmedia":[{"embeddable":true,"href":"https:\/\/archive.sana.sy\/tr\/index.php?rest_route=\/wp\/v2\/media\/23597"}],"wp:attachment":[{"href":"https:\/\/archive.sana.sy\/tr\/index.php?rest_route=%2Fwp%2Fv2%2Fmedia&parent=23594"}],"wp:term":[{"taxonomy":"category","embeddable":true,"href":"https:\/\/archive.sana.sy\/tr\/index.php?rest_route=%2Fwp%2Fv2%2Fcategories&post=23594"},{"taxonomy":"post_tag","embeddable":true,"href":"https:\/\/archive.sana.sy\/tr\/index.php?rest_route=%2Fwp%2Fv2%2Ftags&post=23594"}],"curies":[{"name":"wp","href":"https:\/\/api.w.org\/{rel}","templated":true}]}}