{"id":236019,"date":"2021-05-27T16:26:37","date_gmt":"2021-05-27T13:26:37","guid":{"rendered":"http:\/\/107.6.182.27\/tr\/?p=236019"},"modified":"2021-05-28T16:07:22","modified_gmt":"2021-05-28T13:07:22","slug":"dsg-milisleri-rakka-kentinde-yirmiden-fazla-genci-kacirdi","status":"publish","type":"post","link":"https:\/\/archive.sana.sy\/tr\/?p=236019","title":{"rendered":"&#8220;DSG&#8221; Milisleri Rakka Kentinde Yirmiden Fazla Genci Ka\u00e7\u0131rd\u0131"},"content":{"rendered":"<p>RAKKA \u2013 Amerikan i\u015fgale ba\u011fl\u0131 \u201cDSG\u201d milisleri zorla askere alma amac\u0131yla Rakka kentinde birka\u00e7 genci ka\u00e7\u0131rd\u0131.<\/p>\n<p>Yerel kaynaklar SANA muhabirine; \u201cDSG\u201d milislerinden silahl\u0131 gruplar\u0131n Rakka kentinin giri\u015f ve \u00e7\u0131k\u0131\u015f yollar\u0131nda kontrol noktalar\u0131 kurduklar\u0131n\u0131 ve sabah saatlerinden itibaren 20\u2019den fazla genci ka\u00e7\u0131rd\u0131klar\u0131n\u0131 belirtti.<\/p>\n<p>Kaynaklar, DSG milislerinin ka\u00e7\u0131rd\u0131klar\u0131 gen\u00e7leri zorla askeri e\u011fitim kamplar\u0131na g\u00f6t\u00fcrd\u00fcklerine i\u015faret etti. Bu ba\u011flamda kaynaklar, son zamanlarda milisler taraf\u0131ndan bu t\u00fcr ve ayn\u0131 ama\u00e7la ger\u00e7ekle\u015ftirilen ka\u00e7\u0131rma eylemlerinin artt\u0131\u011f\u0131n\u0131 da s\u00f6zlerine ekledi.<\/p>\n<p>P.M.<\/p>\n","protected":false},"excerpt":{"rendered":"<p>RAKKA \u2013 Amerikan i\u015fgale ba\u011fl\u0131 \u201cDSG\u201d milisleri zorla askere alma amac\u0131yla Rakka kentinde birka\u00e7 genci ka\u00e7\u0131rd\u0131. Yerel kaynaklar SANA muhabirine; \u201cDSG\u201d milislerinden silahl\u0131 gruplar\u0131n Rakka kentinin giri\u015f ve \u00e7\u0131k\u0131\u015f yollar\u0131nda kontrol noktalar\u0131 kurduklar\u0131n\u0131 ve sabah saatlerinden itibaren 20\u2019den fazla genci ka\u00e7\u0131rd\u0131klar\u0131n\u0131 belirtti. Kaynaklar, DSG milislerinin ka\u00e7\u0131rd\u0131klar\u0131 gen\u00e7leri zorla askeri e\u011fitim kamplar\u0131na g\u00f6t\u00fcrd\u00fcklerine i\u015faret etti. Bu &hellip;<\/p>\n","protected":false},"author":1,"featured_media":236021,"comment_status":"closed","ping_status":"closed","sticky":false,"template":"","format":"standard","meta":{"footnotes":""},"categories":[479,575,17988,478],"tags":[],"class_list":["post-236019","post","type-post","status-publish","format-standard","has-post-thumbnail","","category-haberler-yerel","category-olaylar-ve-gercekler","category-son-haberler","category-yerel"],"_links":{"self":[{"href":"https:\/\/archive.sana.sy\/tr\/index.php?rest_route=\/wp\/v2\/posts\/236019","targetHints":{"allow":["GET"]}}],"collection":[{"href":"https:\/\/archive.sana.sy\/tr\/index.php?rest_route=\/wp\/v2\/posts"}],"about":[{"href":"https:\/\/archive.sana.sy\/tr\/index.php?rest_route=\/wp\/v2\/types\/post"}],"author":[{"embeddable":true,"href":"https:\/\/archive.sana.sy\/tr\/index.php?rest_route=\/wp\/v2\/users\/1"}],"replies":[{"embeddable":true,"href":"https:\/\/archive.sana.sy\/tr\/index.php?rest_route=%2Fwp%2Fv2%2Fcomments&post=236019"}],"version-history":[{"count":0,"href":"https:\/\/archive.sana.sy\/tr\/index.php?rest_route=\/wp\/v2\/posts\/236019\/revisions"}],"wp:featuredmedia":[{"embeddable":true,"href":"https:\/\/archive.sana.sy\/tr\/index.php?rest_route=\/wp\/v2\/media\/236021"}],"wp:attachment":[{"href":"https:\/\/archive.sana.sy\/tr\/index.php?rest_route=%2Fwp%2Fv2%2Fmedia&parent=236019"}],"wp:term":[{"taxonomy":"category","embeddable":true,"href":"https:\/\/archive.sana.sy\/tr\/index.php?rest_route=%2Fwp%2Fv2%2Fcategories&post=236019"},{"taxonomy":"post_tag","embeddable":true,"href":"https:\/\/archive.sana.sy\/tr\/index.php?rest_route=%2Fwp%2Fv2%2Ftags&post=236019"}],"curies":[{"name":"wp","href":"https:\/\/api.w.org\/{rel}","templated":true}]}}