{"id":236020,"date":"2021-05-27T16:30:33","date_gmt":"2021-05-27T13:30:33","guid":{"rendered":"http:\/\/107.6.182.27\/tr\/?p=236020"},"modified":"2021-05-28T16:07:26","modified_gmt":"2021-05-28T13:07:26","slug":"afrin-bolgesinde-bombali-eylem-sonucunda-bir-sivil-sehit-ve-digerler-yarali-dustu","status":"publish","type":"post","link":"https:\/\/archive.sana.sy\/tr\/?p=236020","title":{"rendered":"Afrin B\u00f6lgesinde Bombal\u0131 Eylem Sonucunda Bir Sivil \u015eehit ve Di\u011ferler Yaral\u0131 D\u00fc\u015ft\u00fc"},"content":{"rendered":"<p>HALEP \u2013 T\u00fcrk i\u015fgalinin ve ter\u00f6r gruplar\u0131ndan olu\u015fan kiral\u0131klar\u0131n\u0131n yay\u0131nlad\u0131\u011f\u0131 Afrin b\u00f6lgesinde meydana gelen bomba d\u00fczene\u011fi patlamas\u0131 sonucunda bir sivil \u015fehit ve di\u011ferler yaral\u0131 d\u00fc\u015ft\u00fc.<\/p>\n<p>B\u00f6lge kaynaklar\u0131 SANA muhabirine yapt\u0131klar\u0131 a\u00e7\u0131klamada, Halep k\u0131rsal\u0131n\u0131n kuzeyinde yer alan T\u00fcrk i\u015fgalinin ve kiral\u0131klar\u0131n\u0131n i\u015fgal ettikleri Afrin B\u00f6lgesideki Rajo karayolunda arabaya y\u00fckl\u00fc bir bomba d\u00fczene\u011finin patlad\u0131\u011f\u0131n\u0131 ve bunun sonucunda bir sivil vatanda\u015f\u0131n \u015fehit d\u00fc\u015ft\u00fc\u011f\u00fcn\u00fc ve di\u011ferlerin de yaraland\u0131\u011f\u0131n\u0131 belirtti.<\/p>\n<p>&nbsp;<\/p>\n","protected":false},"excerpt":{"rendered":"<p>HALEP \u2013 T\u00fcrk i\u015fgalinin ve ter\u00f6r gruplar\u0131ndan olu\u015fan kiral\u0131klar\u0131n\u0131n yay\u0131nlad\u0131\u011f\u0131 Afrin b\u00f6lgesinde meydana gelen bomba d\u00fczene\u011fi patlamas\u0131 sonucunda bir sivil \u015fehit ve di\u011ferler yaral\u0131 d\u00fc\u015ft\u00fc. B\u00f6lge kaynaklar\u0131 SANA muhabirine yapt\u0131klar\u0131 a\u00e7\u0131klamada, Halep k\u0131rsal\u0131n\u0131n kuzeyinde yer alan T\u00fcrk i\u015fgalinin ve kiral\u0131klar\u0131n\u0131n i\u015fgal ettikleri Afrin B\u00f6lgesideki Rajo karayolunda arabaya y\u00fckl\u00fc bir bomba d\u00fczene\u011finin patlad\u0131\u011f\u0131n\u0131 ve bunun sonucunda &hellip;<\/p>\n","protected":false},"author":1,"featured_media":236023,"comment_status":"closed","ping_status":"closed","sticky":false,"template":"","format":"standard","meta":{"footnotes":""},"categories":[575,17988,2554,2555],"tags":[],"class_list":["post-236020","post","type-post","status-publish","format-standard","has-post-thumbnail","","category-olaylar-ve-gercekler","category-son-haberler","category-suriye-ve-dunya","category-suriye-ve-turkiye"],"_links":{"self":[{"href":"https:\/\/archive.sana.sy\/tr\/index.php?rest_route=\/wp\/v2\/posts\/236020","targetHints":{"allow":["GET"]}}],"collection":[{"href":"https:\/\/archive.sana.sy\/tr\/index.php?rest_route=\/wp\/v2\/posts"}],"about":[{"href":"https:\/\/archive.sana.sy\/tr\/index.php?rest_route=\/wp\/v2\/types\/post"}],"author":[{"embeddable":true,"href":"https:\/\/archive.sana.sy\/tr\/index.php?rest_route=\/wp\/v2\/users\/1"}],"replies":[{"embeddable":true,"href":"https:\/\/archive.sana.sy\/tr\/index.php?rest_route=%2Fwp%2Fv2%2Fcomments&post=236020"}],"version-history":[{"count":0,"href":"https:\/\/archive.sana.sy\/tr\/index.php?rest_route=\/wp\/v2\/posts\/236020\/revisions"}],"wp:featuredmedia":[{"embeddable":true,"href":"https:\/\/archive.sana.sy\/tr\/index.php?rest_route=\/wp\/v2\/media\/236023"}],"wp:attachment":[{"href":"https:\/\/archive.sana.sy\/tr\/index.php?rest_route=%2Fwp%2Fv2%2Fmedia&parent=236020"}],"wp:term":[{"taxonomy":"category","embeddable":true,"href":"https:\/\/archive.sana.sy\/tr\/index.php?rest_route=%2Fwp%2Fv2%2Fcategories&post=236020"},{"taxonomy":"post_tag","embeddable":true,"href":"https:\/\/archive.sana.sy\/tr\/index.php?rest_route=%2Fwp%2Fv2%2Ftags&post=236020"}],"curies":[{"name":"wp","href":"https:\/\/api.w.org\/{rel}","templated":true}]}}