{"id":236342,"date":"2021-05-29T14:38:24","date_gmt":"2021-05-29T11:38:24","guid":{"rendered":"http:\/\/107.6.182.27\/tr\/?p=236342"},"modified":"2021-05-31T16:17:27","modified_gmt":"2021-05-31T13:17:27","slug":"dsg-milisleri-yeni-baskin-hamleleri-duzenledi","status":"publish","type":"post","link":"https:\/\/archive.sana.sy\/tr\/?p=236342","title":{"rendered":"DSG Milisleri Yeni Bask\u0131n Hamleleri D\u00fczenledi"},"content":{"rendered":"<p style=\"text-align: justify;\">DEYREZZOR \u2013 Amerikan i\u015fgal kuvvetlerince destekli DSG milisleri Deyrezzor do\u011fu k\u0131rsal\u0131 el \u015eahil Beldesinde yeni bask\u0131n hamlesi d\u00fczenleyerek k\u00f6y ahalisinden birini ka\u00e7\u0131rma giri\u015fiminde bulundu.<\/p>\n<p style=\"text-align: justify;\">Yerel kaynaklar SANA muhabirine a\u00e7\u0131klamas\u0131nda DSG milislerinden silahl\u0131 bir grubun el \u015eahil k\u00f6y\u00fcndeki vatanda\u015flardan birinin evine bask\u0131n d\u00fczenledi\u011fini ve bir sivili ka\u00e7\u0131rarak bilinmeyen bir yere g\u00f6t\u00fcrd\u00fcklerini s\u00f6yledi.<\/p>\n<p style=\"text-align: justify;\">DSG milisleri iki g\u00fcn \u00f6nce de Rakka&#8217;dan bir genci ka\u00e7\u0131rarak silah tehdidiyle kendi saflar\u0131nda sava\u015fmak i\u00e7in e\u011fitim kamplar\u0131na s\u00fcrm\u00fc\u015ft\u00fc.<\/p>\n","protected":false},"excerpt":{"rendered":"<p>DEYREZZOR \u2013 Amerikan i\u015fgal kuvvetlerince destekli DSG milisleri Deyrezzor do\u011fu k\u0131rsal\u0131 el \u015eahil Beldesinde yeni bask\u0131n hamlesi d\u00fczenleyerek k\u00f6y ahalisinden birini ka\u00e7\u0131rma giri\u015fiminde bulundu. Yerel kaynaklar SANA muhabirine a\u00e7\u0131klamas\u0131nda DSG milislerinden silahl\u0131 bir grubun el \u015eahil k\u00f6y\u00fcndeki vatanda\u015flardan birinin evine bask\u0131n d\u00fczenledi\u011fini ve bir sivili ka\u00e7\u0131rarak bilinmeyen bir yere g\u00f6t\u00fcrd\u00fcklerini s\u00f6yledi. DSG milisleri iki g\u00fcn &hellip;<\/p>\n","protected":false},"author":1,"featured_media":236343,"comment_status":"closed","ping_status":"closed","sticky":false,"template":"","format":"standard","meta":{"footnotes":""},"categories":[479,575,17988,478],"tags":[],"class_list":["post-236342","post","type-post","status-publish","format-standard","has-post-thumbnail","","category-haberler-yerel","category-olaylar-ve-gercekler","category-son-haberler","category-yerel"],"_links":{"self":[{"href":"https:\/\/archive.sana.sy\/tr\/index.php?rest_route=\/wp\/v2\/posts\/236342","targetHints":{"allow":["GET"]}}],"collection":[{"href":"https:\/\/archive.sana.sy\/tr\/index.php?rest_route=\/wp\/v2\/posts"}],"about":[{"href":"https:\/\/archive.sana.sy\/tr\/index.php?rest_route=\/wp\/v2\/types\/post"}],"author":[{"embeddable":true,"href":"https:\/\/archive.sana.sy\/tr\/index.php?rest_route=\/wp\/v2\/users\/1"}],"replies":[{"embeddable":true,"href":"https:\/\/archive.sana.sy\/tr\/index.php?rest_route=%2Fwp%2Fv2%2Fcomments&post=236342"}],"version-history":[{"count":0,"href":"https:\/\/archive.sana.sy\/tr\/index.php?rest_route=\/wp\/v2\/posts\/236342\/revisions"}],"wp:featuredmedia":[{"embeddable":true,"href":"https:\/\/archive.sana.sy\/tr\/index.php?rest_route=\/wp\/v2\/media\/236343"}],"wp:attachment":[{"href":"https:\/\/archive.sana.sy\/tr\/index.php?rest_route=%2Fwp%2Fv2%2Fmedia&parent=236342"}],"wp:term":[{"taxonomy":"category","embeddable":true,"href":"https:\/\/archive.sana.sy\/tr\/index.php?rest_route=%2Fwp%2Fv2%2Fcategories&post=236342"},{"taxonomy":"post_tag","embeddable":true,"href":"https:\/\/archive.sana.sy\/tr\/index.php?rest_route=%2Fwp%2Fv2%2Ftags&post=236342"}],"curies":[{"name":"wp","href":"https:\/\/api.w.org\/{rel}","templated":true}]}}