{"id":236393,"date":"2021-05-31T14:31:49","date_gmt":"2021-05-31T11:31:49","guid":{"rendered":"http:\/\/107.6.182.27\/tr\/?p=236393"},"modified":"2021-06-01T16:18:07","modified_gmt":"2021-06-01T13:18:07","slug":"isgalci-turkiye-ve-kiraliklari-halep-kuzey-kirsalindaki-koylere-saldirilarini-yineledi","status":"publish","type":"post","link":"https:\/\/archive.sana.sy\/tr\/?p=236393","title":{"rendered":"\u0130\u015fgalci T\u00fcrkiye Ve Kiral\u0131klar\u0131 Halep Kuzey K\u0131rsal\u0131ndaki K\u00f6ylere Sald\u0131r\u0131lar\u0131n\u0131 Yineledi"},"content":{"rendered":"<p style=\"text-align: justify;\">HALEP &#8211; \u0130\u015fgalci T\u00fcrk kuvvetleri ve ona ba\u011fl\u0131 ter\u00f6r \u00f6rg\u00fctleri, Halep&#8217;in kuzey k\u0131rsal\u0131ndaki baz\u0131 k\u00f6yelere toplarla ve f\u00fczeli roketlerle sald\u0131r\u0131 d\u00fczenledi.<\/p>\n<p style=\"text-align: justify;\">Yerel kaynaklar SANA&#8217;ya a\u00e7\u0131klamalar\u0131nda, i\u015fgalci T\u00fcrk kuvvetleriyle kiral\u0131klar\u0131ndan kaynakl\u0131 roket ve top mermisinin Halep kuzey k\u0131rsal\u0131ndaki Mar&#8217;anaz, Al Malikiyeh, Tel Madik ve Al \u015eahba Baraj\u0131 k\u00f6ylerindeki sivil yerle\u015fim alanlar\u0131na d\u00fc\u015ft\u00fc\u011f\u00fcn\u00fc bildirdi.<\/p>\n<p style=\"text-align: justify;\">Kaynaklar, sald\u0131r\u0131n\u0131n ahalinin m\u00fclklerine, altyap\u0131 ve kamu tesislerine maddi zararlar verdi\u011fini belirtti.<\/p>\n","protected":false},"excerpt":{"rendered":"<p>HALEP &#8211; \u0130\u015fgalci T\u00fcrk kuvvetleri ve ona ba\u011fl\u0131 ter\u00f6r \u00f6rg\u00fctleri, Halep&#8217;in kuzey k\u0131rsal\u0131ndaki baz\u0131 k\u00f6yelere toplarla ve f\u00fczeli roketlerle sald\u0131r\u0131 d\u00fczenledi. Yerel kaynaklar SANA&#8217;ya a\u00e7\u0131klamalar\u0131nda, i\u015fgalci T\u00fcrk kuvvetleriyle kiral\u0131klar\u0131ndan kaynakl\u0131 roket ve top mermisinin Halep kuzey k\u0131rsal\u0131ndaki Mar&#8217;anaz, Al Malikiyeh, Tel Madik ve Al \u015eahba Baraj\u0131 k\u00f6ylerindeki sivil yerle\u015fim alanlar\u0131na d\u00fc\u015ft\u00fc\u011f\u00fcn\u00fc bildirdi. Kaynaklar, sald\u0131r\u0131n\u0131n ahalinin &hellip;<\/p>\n","protected":false},"author":1,"featured_media":236394,"comment_status":"closed","ping_status":"closed","sticky":false,"template":"","format":"standard","meta":{"footnotes":""},"categories":[575,17988,2554,2555],"tags":[],"class_list":["post-236393","post","type-post","status-publish","format-standard","has-post-thumbnail","","category-olaylar-ve-gercekler","category-son-haberler","category-suriye-ve-dunya","category-suriye-ve-turkiye"],"_links":{"self":[{"href":"https:\/\/archive.sana.sy\/tr\/index.php?rest_route=\/wp\/v2\/posts\/236393","targetHints":{"allow":["GET"]}}],"collection":[{"href":"https:\/\/archive.sana.sy\/tr\/index.php?rest_route=\/wp\/v2\/posts"}],"about":[{"href":"https:\/\/archive.sana.sy\/tr\/index.php?rest_route=\/wp\/v2\/types\/post"}],"author":[{"embeddable":true,"href":"https:\/\/archive.sana.sy\/tr\/index.php?rest_route=\/wp\/v2\/users\/1"}],"replies":[{"embeddable":true,"href":"https:\/\/archive.sana.sy\/tr\/index.php?rest_route=%2Fwp%2Fv2%2Fcomments&post=236393"}],"version-history":[{"count":0,"href":"https:\/\/archive.sana.sy\/tr\/index.php?rest_route=\/wp\/v2\/posts\/236393\/revisions"}],"wp:featuredmedia":[{"embeddable":true,"href":"https:\/\/archive.sana.sy\/tr\/index.php?rest_route=\/wp\/v2\/media\/236394"}],"wp:attachment":[{"href":"https:\/\/archive.sana.sy\/tr\/index.php?rest_route=%2Fwp%2Fv2%2Fmedia&parent=236393"}],"wp:term":[{"taxonomy":"category","embeddable":true,"href":"https:\/\/archive.sana.sy\/tr\/index.php?rest_route=%2Fwp%2Fv2%2Fcategories&post=236393"},{"taxonomy":"post_tag","embeddable":true,"href":"https:\/\/archive.sana.sy\/tr\/index.php?rest_route=%2Fwp%2Fv2%2Ftags&post=236393"}],"curies":[{"name":"wp","href":"https:\/\/api.w.org\/{rel}","templated":true}]}}