{"id":236396,"date":"2021-05-31T14:39:45","date_gmt":"2021-05-31T11:39:45","guid":{"rendered":"http:\/\/107.6.182.27\/tr\/?p=236396"},"modified":"2021-06-01T16:18:15","modified_gmt":"2021-06-01T13:18:15","slug":"dumada-teroristlerin-kalintilarindan-yabanci-cismin-patlamasi-sonucu-bir-kadin-yaralandi","status":"publish","type":"post","link":"https:\/\/archive.sana.sy\/tr\/?p=236396","title":{"rendered":"Duma&#8217;da Ter\u00f6ristlerin Kal\u0131nt\u0131lar\u0131ndan Yabanc\u0131 Cismin Patlamas\u0131 Sonucu Bir Kad\u0131n Yaraland\u0131"},"content":{"rendered":"<p style=\"text-align: justify;\">\u015eAM KIRSALI &#8211; \u015eam K\u0131rsal\u0131 Do\u011fu Guta&#8217;n\u0131n Duma kentinde bug\u00fcn ter\u00f6r \u00f6rg\u00fctleri kal\u0131nt\u0131lar\u0131ndan yabanc\u0131 bir cisimin patlamas\u0131 sonucu bir kad\u0131n yaraland\u0131.<\/p>\n<p style=\"text-align: justify;\">\u015eam K\u0131rsal\u0131 Emniyet M\u00fcd\u00fcrl\u00fc\u011f\u00fcnden bir kaynak bug\u00fcn SANA&#8217;ya yapt\u0131\u011f\u0131 a\u00e7\u0131klamada, Duma kentindeki evinin bah\u00e7esinde 30 ya\u015f\u0131ndaki bir kad\u0131n\u0131n \u00e7al\u0131\u015f\u0131rken ter\u00f6r \u00f6rg\u00fctlerinin yabanc\u0131 cisim kal\u0131nt\u0131lar\u0131n\u0131n patlayarak ciddi \u015fekilde yaraland\u0131\u011f\u0131n\u0131 ve kentteki El Hamdan Hastanesine kald\u0131r\u0131ld\u0131\u011f\u0131n\u0131 ifade etti.<\/p>\n","protected":false},"excerpt":{"rendered":"<p>\u015eAM KIRSALI &#8211; \u015eam K\u0131rsal\u0131 Do\u011fu Guta&#8217;n\u0131n Duma kentinde bug\u00fcn ter\u00f6r \u00f6rg\u00fctleri kal\u0131nt\u0131lar\u0131ndan yabanc\u0131 bir cisimin patlamas\u0131 sonucu bir kad\u0131n yaraland\u0131. \u015eam K\u0131rsal\u0131 Emniyet M\u00fcd\u00fcrl\u00fc\u011f\u00fcnden bir kaynak bug\u00fcn SANA&#8217;ya yapt\u0131\u011f\u0131 a\u00e7\u0131klamada, Duma kentindeki evinin bah\u00e7esinde 30 ya\u015f\u0131ndaki bir kad\u0131n\u0131n \u00e7al\u0131\u015f\u0131rken ter\u00f6r \u00f6rg\u00fctlerinin yabanc\u0131 cisim kal\u0131nt\u0131lar\u0131n\u0131n patlayarak ciddi \u015fekilde yaraland\u0131\u011f\u0131n\u0131 ve kentteki El Hamdan Hastanesine kald\u0131r\u0131ld\u0131\u011f\u0131n\u0131 &hellip;<\/p>\n","protected":false},"author":1,"featured_media":236397,"comment_status":"closed","ping_status":"closed","sticky":false,"template":"","format":"standard","meta":{"footnotes":""},"categories":[479,575,17988,478],"tags":[],"class_list":["post-236396","post","type-post","status-publish","format-standard","has-post-thumbnail","","category-haberler-yerel","category-olaylar-ve-gercekler","category-son-haberler","category-yerel"],"_links":{"self":[{"href":"https:\/\/archive.sana.sy\/tr\/index.php?rest_route=\/wp\/v2\/posts\/236396","targetHints":{"allow":["GET"]}}],"collection":[{"href":"https:\/\/archive.sana.sy\/tr\/index.php?rest_route=\/wp\/v2\/posts"}],"about":[{"href":"https:\/\/archive.sana.sy\/tr\/index.php?rest_route=\/wp\/v2\/types\/post"}],"author":[{"embeddable":true,"href":"https:\/\/archive.sana.sy\/tr\/index.php?rest_route=\/wp\/v2\/users\/1"}],"replies":[{"embeddable":true,"href":"https:\/\/archive.sana.sy\/tr\/index.php?rest_route=%2Fwp%2Fv2%2Fcomments&post=236396"}],"version-history":[{"count":0,"href":"https:\/\/archive.sana.sy\/tr\/index.php?rest_route=\/wp\/v2\/posts\/236396\/revisions"}],"wp:featuredmedia":[{"embeddable":true,"href":"https:\/\/archive.sana.sy\/tr\/index.php?rest_route=\/wp\/v2\/media\/236397"}],"wp:attachment":[{"href":"https:\/\/archive.sana.sy\/tr\/index.php?rest_route=%2Fwp%2Fv2%2Fmedia&parent=236396"}],"wp:term":[{"taxonomy":"category","embeddable":true,"href":"https:\/\/archive.sana.sy\/tr\/index.php?rest_route=%2Fwp%2Fv2%2Fcategories&post=236396"},{"taxonomy":"post_tag","embeddable":true,"href":"https:\/\/archive.sana.sy\/tr\/index.php?rest_route=%2Fwp%2Fv2%2Ftags&post=236396"}],"curies":[{"name":"wp","href":"https:\/\/api.w.org\/{rel}","templated":true}]}}