{"id":236457,"date":"2021-06-01T14:18:46","date_gmt":"2021-06-01T11:18:46","guid":{"rendered":"http:\/\/107.6.182.27\/tr\/?p=236457"},"modified":"2021-06-02T15:55:33","modified_gmt":"2021-06-02T12:55:33","slug":"cumhurbaskani-esad-cin-cumhurbaskanindan-kutlama-mesaji-aldi","status":"publish","type":"post","link":"https:\/\/archive.sana.sy\/tr\/?p=236457","title":{"rendered":"\u00c7in Cumhurba\u015fkan\u0131&#8217;ndan Esad&#8217;a Kutlama Mesaj\u0131"},"content":{"rendered":"<p style=\"text-align: justify;\">\u015eAM &#8211; Cumhurba\u015fkan\u0131 Be\u015f\u015far el Esad \u00c7in Devlet Ba\u015fkan\u0131 Xi Jin Ping&#8217;ten cumhurba\u015fkanl\u0131\u011f\u0131 se\u00e7imlerini kazanmas\u0131ndan dolay\u0131 tebrik mesaj\u0131 teslim ald\u0131.<\/p>\n<p style=\"text-align: justify;\">\u00c7in ba\u015fkan\u0131 telgraf\u0131nda \u00c7in ve Suriye&#8217;nin geleneksel dostlu\u011fa sahip olduklar\u0131n\u0131 ve Suriye&#8217;nin \u00c7in Halk Cumhuriyeti ile diplomatik ili\u015fki kuran ilk devletlerden oldu\u011funa i\u015faret ettti.<\/p>\n<p style=\"text-align: justify;\">Ba\u015fkan Xi \u00c7in-Suriye ili\u015fkilerini geli\u015ftirmeye ve \u00c7in-Suriye i\u015fbirli\u011fini s\u00fcrekli olarak yeni seviyelere y\u00fckseltmeye b\u00fcy\u00fck \u00f6nem verdiklerini diplomatik ili\u015fkilerin kurulmas\u0131n\u0131n 65. y\u0131ld\u00f6n\u00fcm\u00fcn\u00fc, \u00c7in-Suriye ili\u015fkilerinde daha b\u00fcy\u00fck ba\u015far\u0131lar elde etmek i\u00e7in bir f\u0131rsat olarak de\u011ferlendirmek i\u00e7in Ba\u015fkan Esad&#8217;la birlikte \u00e7al\u0131\u015fmaya haz\u0131r olduklar\u0131n\u0131 dile getirdi.<\/p>\n<p style=\"text-align: justify;\">\u00c7in Ba\u015fkan\u0131 ayr\u0131ca \u00fclkesinin ulusal egemenli\u011fini, ba\u011f\u0131ms\u0131zl\u0131\u011f\u0131n\u0131 ve toprak b\u00fct\u00fcnl\u00fc\u011f\u00fcn\u00fc korumada Suriye&#8217;yi g\u00fc\u00e7l\u00fc bir \u015fekilde desteklediklerini ve Covid-19 salg\u0131n\u0131yla m\u00fccadele ile ekonomisini canland\u0131rmada ona m\u00fcmk\u00fcn olan en b\u00fcy\u00fck yard\u0131m\u0131 sa\u011flayacaklar\u0131n\u0131 ifade etti.<\/p>\n<p>&nbsp;<\/p>\n","protected":false},"excerpt":{"rendered":"<p>\u015eAM &#8211; Cumhurba\u015fkan\u0131 Be\u015f\u015far el Esad \u00c7in Devlet Ba\u015fkan\u0131 Xi Jin Ping&#8217;ten cumhurba\u015fkanl\u0131\u011f\u0131 se\u00e7imlerini kazanmas\u0131ndan dolay\u0131 tebrik mesaj\u0131 teslim ald\u0131. \u00c7in ba\u015fkan\u0131 telgraf\u0131nda \u00c7in ve Suriye&#8217;nin geleneksel dostlu\u011fa sahip olduklar\u0131n\u0131 ve Suriye&#8217;nin \u00c7in Halk Cumhuriyeti ile diplomatik ili\u015fki kuran ilk devletlerden oldu\u011funa i\u015faret ettti. Ba\u015fkan Xi \u00c7in-Suriye ili\u015fkilerini geli\u015ftirmeye ve \u00c7in-Suriye i\u015fbirli\u011fini s\u00fcrekli olarak yeni &hellip;<\/p>\n","protected":false},"author":1,"featured_media":236458,"comment_status":"closed","ping_status":"closed","sticky":false,"template":"","format":"standard","meta":{"footnotes":""},"categories":[479,605,17988,613,478],"tags":[],"class_list":["post-236457","post","type-post","status-publish","format-standard","has-post-thumbnail","","category-haberler-yerel","category-sayin-cumhurbaskani","category-son-haberler","category-telgraflar","category-yerel"],"_links":{"self":[{"href":"https:\/\/archive.sana.sy\/tr\/index.php?rest_route=\/wp\/v2\/posts\/236457","targetHints":{"allow":["GET"]}}],"collection":[{"href":"https:\/\/archive.sana.sy\/tr\/index.php?rest_route=\/wp\/v2\/posts"}],"about":[{"href":"https:\/\/archive.sana.sy\/tr\/index.php?rest_route=\/wp\/v2\/types\/post"}],"author":[{"embeddable":true,"href":"https:\/\/archive.sana.sy\/tr\/index.php?rest_route=\/wp\/v2\/users\/1"}],"replies":[{"embeddable":true,"href":"https:\/\/archive.sana.sy\/tr\/index.php?rest_route=%2Fwp%2Fv2%2Fcomments&post=236457"}],"version-history":[{"count":0,"href":"https:\/\/archive.sana.sy\/tr\/index.php?rest_route=\/wp\/v2\/posts\/236457\/revisions"}],"wp:featuredmedia":[{"embeddable":true,"href":"https:\/\/archive.sana.sy\/tr\/index.php?rest_route=\/wp\/v2\/media\/236458"}],"wp:attachment":[{"href":"https:\/\/archive.sana.sy\/tr\/index.php?rest_route=%2Fwp%2Fv2%2Fmedia&parent=236457"}],"wp:term":[{"taxonomy":"category","embeddable":true,"href":"https:\/\/archive.sana.sy\/tr\/index.php?rest_route=%2Fwp%2Fv2%2Fcategories&post=236457"},{"taxonomy":"post_tag","embeddable":true,"href":"https:\/\/archive.sana.sy\/tr\/index.php?rest_route=%2Fwp%2Fv2%2Ftags&post=236457"}],"curies":[{"name":"wp","href":"https:\/\/api.w.org\/{rel}","templated":true}]}}