{"id":236460,"date":"2021-06-01T14:21:23","date_gmt":"2021-06-01T11:21:23","guid":{"rendered":"http:\/\/107.6.182.27\/tr\/?p=236460"},"modified":"2021-06-02T10:03:35","modified_gmt":"2021-06-02T07:03:35","slug":"dsg-milisleri-halep-kirsalindaki-menbicde-eylemlerini-kinayan-vatandaslardan-biri-sikilan-mermileriyle-oldu","status":"publish","type":"post","link":"https:\/\/archive.sana.sy\/tr\/?p=236460","title":{"rendered":"DSG Milisleri Menbic&#8217;de Eylemlerini K\u0131nayan Vatanda\u015flardan Birini \u00d6ld\u00fcrd\u00fc"},"content":{"rendered":"<p style=\"text-align: justify;\">HALEP- Amerikan i\u015fgal g\u00fc\u00e7leri taraf\u0131ndan desteklenen &#8220;DSG&#8221; milislerinin, sivillere ve gen\u00e7lere y\u00f6nelik su\u00e7 uygulamalar\u0131n\u0131 k\u0131namak i\u00e7in Halep&#8217;in kuzey k\u0131rsal\u0131ndaki Menbic kentinde ger\u00e7ekle\u015ftirilen ve kendi saflar\u0131nda sava\u015fmak i\u00e7in gen\u00e7leri zorla silah zoruyla askere alma giri\u015fimlerini protesto g\u00f6sterisini bast\u0131rmalar\u0131 esnas\u0131nda bir vatanda\u015f \u00f6ld\u00fc 3 ki\u015fi de yaraland\u0131.<\/p>\n<p style=\"text-align: justify;\">Yerel kaynaklar SANA&#8217;ya a\u00e7\u0131klamalar\u0131nda, &#8220;DSG&#8221; milislerinden silahl\u0131 adamlar\u0131n, kuzey k\u0131rsal\u0131ndaki Menbic kentinde, milislerin gen\u00e7leri ka\u00e7\u0131rmas\u0131n\u0131 ve daha sonra bu gen\u00e7leri kendi saflar\u0131nda sava\u015fmaya itmek i\u00e7in e\u011fitim kamplar\u0131nda g\u00f6t\u00fcrmelerini protesto etmek i\u00e7in protesto g\u00f6sterilerine kat\u0131lan sivillere do\u011frudan canl\u0131 mermi s\u0131kt\u0131klar\u0131n\u0131 bunun sonucunda 1 sivilin \u00f6l\u00fcm\u00fcne ve 3 ki\u015finin de yaralanmas\u0131na neden oldu\u011funu belirtti.<\/p>\n<p style=\"text-align: justify;\">Kaynaklar, g\u00f6stericilerin Haseke ile Halep aras\u0131ndaki ana yollar\u0131 ve uluslararas\u0131 yolu yanan lastikler ve ta\u015flarla kapatt\u0131klar\u0131n\u0131 ve di\u011fer g\u00f6stericilerin Menbic kentinde genel grev ve d\u00fckkanlar\u0131n tamamen kapanmas\u0131 s\u0131ras\u0131nda kentteki silahl\u0131 milislerin kontrol noktalar\u0131na sald\u0131rd\u0131\u011f\u0131n\u0131 bildirdi.<\/p>\n<p style=\"text-align: justify;\">Bu olay, s\u00f6zde yerel polis &#8220;Asayi\u015f&#8221;in ge\u00e7ti\u011fimiz aylarda \u00e7e\u015fitli b\u00f6lgelerden y\u00fczlerce gen\u00e7 erke\u011fin ka\u00e7\u0131r\u0131lmas\u0131yla sonu\u00e7lan ve &#8220;DSG&#8221; milisleri taraf\u0131ndan y\u00fcr\u00fct\u00fclen &#8220;zorunlu asker toplama&#8221; kampanyalar\u0131n\u0131 reddetmek i\u00e7in Menbic&#8217;in kuzeyindeki Al Hudhud k\u00f6y\u00fcnden ayr\u0131lan g\u00f6stericilere ate\u015f a\u00e7mas\u0131ndan saatler sonra ger\u00e7ekle\u015fti.<\/p>\n<p>&nbsp;<\/p>\n","protected":false},"excerpt":{"rendered":"<p>HALEP- Amerikan i\u015fgal g\u00fc\u00e7leri taraf\u0131ndan desteklenen &#8220;DSG&#8221; milislerinin, sivillere ve gen\u00e7lere y\u00f6nelik su\u00e7 uygulamalar\u0131n\u0131 k\u0131namak i\u00e7in Halep&#8217;in kuzey k\u0131rsal\u0131ndaki Menbic kentinde ger\u00e7ekle\u015ftirilen ve kendi saflar\u0131nda sava\u015fmak i\u00e7in gen\u00e7leri zorla silah zoruyla askere alma giri\u015fimlerini protesto g\u00f6sterisini bast\u0131rmalar\u0131 esnas\u0131nda bir vatanda\u015f \u00f6ld\u00fc 3 ki\u015fi de yaraland\u0131. Yerel kaynaklar SANA&#8217;ya a\u00e7\u0131klamalar\u0131nda, &#8220;DSG&#8221; milislerinden silahl\u0131 adamlar\u0131n, kuzey k\u0131rsal\u0131ndaki &hellip;<\/p>\n","protected":false},"author":1,"featured_media":236461,"comment_status":"closed","ping_status":"closed","sticky":false,"template":"","format":"standard","meta":{"footnotes":""},"categories":[479,575,17988,478],"tags":[],"class_list":["post-236460","post","type-post","status-publish","format-standard","has-post-thumbnail","","category-haberler-yerel","category-olaylar-ve-gercekler","category-son-haberler","category-yerel"],"_links":{"self":[{"href":"https:\/\/archive.sana.sy\/tr\/index.php?rest_route=\/wp\/v2\/posts\/236460","targetHints":{"allow":["GET"]}}],"collection":[{"href":"https:\/\/archive.sana.sy\/tr\/index.php?rest_route=\/wp\/v2\/posts"}],"about":[{"href":"https:\/\/archive.sana.sy\/tr\/index.php?rest_route=\/wp\/v2\/types\/post"}],"author":[{"embeddable":true,"href":"https:\/\/archive.sana.sy\/tr\/index.php?rest_route=\/wp\/v2\/users\/1"}],"replies":[{"embeddable":true,"href":"https:\/\/archive.sana.sy\/tr\/index.php?rest_route=%2Fwp%2Fv2%2Fcomments&post=236460"}],"version-history":[{"count":0,"href":"https:\/\/archive.sana.sy\/tr\/index.php?rest_route=\/wp\/v2\/posts\/236460\/revisions"}],"wp:featuredmedia":[{"embeddable":true,"href":"https:\/\/archive.sana.sy\/tr\/index.php?rest_route=\/wp\/v2\/media\/236461"}],"wp:attachment":[{"href":"https:\/\/archive.sana.sy\/tr\/index.php?rest_route=%2Fwp%2Fv2%2Fmedia&parent=236460"}],"wp:term":[{"taxonomy":"category","embeddable":true,"href":"https:\/\/archive.sana.sy\/tr\/index.php?rest_route=%2Fwp%2Fv2%2Fcategories&post=236460"},{"taxonomy":"post_tag","embeddable":true,"href":"https:\/\/archive.sana.sy\/tr\/index.php?rest_route=%2Fwp%2Fv2%2Ftags&post=236460"}],"curies":[{"name":"wp","href":"https:\/\/api.w.org\/{rel}","templated":true}]}}