{"id":236463,"date":"2021-06-01T14:24:33","date_gmt":"2021-06-01T11:24:33","guid":{"rendered":"http:\/\/107.6.182.27\/tr\/?p=236463"},"modified":"2021-06-02T08:11:48","modified_gmt":"2021-06-02T05:11:48","slug":"isgalci-turkiyenin-kiraliklari-basuta-beldesinden-birkac-sivili-kacirdi","status":"publish","type":"post","link":"https:\/\/archive.sana.sy\/tr\/?p=236463","title":{"rendered":"\u0130\u015fgalci T\u00fcrkiye&#8217;nin Kiral\u0131klar\u0131 Basuta Beldesinden Birka\u00e7 Sivili Ka\u00e7\u0131rd\u0131"},"content":{"rendered":"<p style=\"text-align: justify;\">HALEP &#8211; Halep&#8217;in kuzeybat\u0131 k\u0131rsal\u0131ndaki Basuta beldesinde bug\u00fcn \u00e7ok say\u0131da sivili ka\u00e7\u0131ran ter\u00f6r \u00f6rg\u00fctlerinin i\u015fgalci T\u00fcrkiye&#8217;ye ba\u011fl\u0131 kiral\u0131klar\u0131 i\u015fgal ettikleri b\u00f6lgelerde halka kar\u015f\u0131 i\u015fledikleri su\u00e7lar\u0131n\u0131 s\u00fcrd\u00fcr\u00fcyorlar.<\/p>\n<p style=\"text-align: justify;\">Yerel kaynaklar SANA&#8217;ya a\u00e7\u0131klamalar\u0131nda, T\u00fcrk i\u015fgal g\u00fc\u00e7lerinin paral\u0131 kiral\u0131klar\u0131n\u0131n, s\u00f6zde &#8220;\u015eam T\u00fcmeni&#8221;, Halep&#8217;in kuzeybat\u0131 k\u0131rsal\u0131ndaki Afrin&#8217;in Basuta beldesinde vatanda\u015flar\u0131n evlerine bask\u0131n d\u00fczenledi\u011fini ve \u00e7ok say\u0131da sivili ka\u00e7\u0131rd\u0131\u011f\u0131n\u0131 ve onlar\u0131 bilinmeyen bir yere g\u00f6t\u00fcrd\u00fc\u011f\u00fcn\u00fc s\u00f6yledi.<\/p>\n<p style=\"text-align: justify;\">Kaynaklar, T\u00fcrk i\u015fgal \u00e7etelerinin son g\u00fcnlerde Basuta beldesi ve ona\u00a0 yerle\u015fim alanlar\u0131nda ya\u015fayanlar\u0131n evlerine bask\u0131nlar d\u00fczenledi\u011fini ve ge\u00e7ti\u011fimiz Cuma ve Cumartesi g\u00fcnlerinde insanlar\u0131 evlerini ve topraklar\u0131n\u0131 terk etmeye itmek i\u00e7in mermi s\u0131karak sistematik sindirme uygulamalar\u0131 d\u00fczenleyerek kasabaya arka arkaya bask\u0131nlar \u00a0d\u00fczenlediklerini belirtti.<\/p>\n<p>&nbsp;<\/p>\n","protected":false},"excerpt":{"rendered":"<p>HALEP &#8211; Halep&#8217;in kuzeybat\u0131 k\u0131rsal\u0131ndaki Basuta beldesinde bug\u00fcn \u00e7ok say\u0131da sivili ka\u00e7\u0131ran ter\u00f6r \u00f6rg\u00fctlerinin i\u015fgalci T\u00fcrkiye&#8217;ye ba\u011fl\u0131 kiral\u0131klar\u0131 i\u015fgal ettikleri b\u00f6lgelerde halka kar\u015f\u0131 i\u015fledikleri su\u00e7lar\u0131n\u0131 s\u00fcrd\u00fcr\u00fcyorlar. Yerel kaynaklar SANA&#8217;ya a\u00e7\u0131klamalar\u0131nda, T\u00fcrk i\u015fgal g\u00fc\u00e7lerinin paral\u0131 kiral\u0131klar\u0131n\u0131n, s\u00f6zde &#8220;\u015eam T\u00fcmeni&#8221;, Halep&#8217;in kuzeybat\u0131 k\u0131rsal\u0131ndaki Afrin&#8217;in Basuta beldesinde vatanda\u015flar\u0131n evlerine bask\u0131n d\u00fczenledi\u011fini ve \u00e7ok say\u0131da sivili ka\u00e7\u0131rd\u0131\u011f\u0131n\u0131 ve onlar\u0131 &hellip;<\/p>\n","protected":false},"author":1,"featured_media":236464,"comment_status":"closed","ping_status":"closed","sticky":false,"template":"","format":"standard","meta":{"footnotes":""},"categories":[479,575,17988,478],"tags":[],"class_list":["post-236463","post","type-post","status-publish","format-standard","has-post-thumbnail","","category-haberler-yerel","category-olaylar-ve-gercekler","category-son-haberler","category-yerel"],"_links":{"self":[{"href":"https:\/\/archive.sana.sy\/tr\/index.php?rest_route=\/wp\/v2\/posts\/236463","targetHints":{"allow":["GET"]}}],"collection":[{"href":"https:\/\/archive.sana.sy\/tr\/index.php?rest_route=\/wp\/v2\/posts"}],"about":[{"href":"https:\/\/archive.sana.sy\/tr\/index.php?rest_route=\/wp\/v2\/types\/post"}],"author":[{"embeddable":true,"href":"https:\/\/archive.sana.sy\/tr\/index.php?rest_route=\/wp\/v2\/users\/1"}],"replies":[{"embeddable":true,"href":"https:\/\/archive.sana.sy\/tr\/index.php?rest_route=%2Fwp%2Fv2%2Fcomments&post=236463"}],"version-history":[{"count":0,"href":"https:\/\/archive.sana.sy\/tr\/index.php?rest_route=\/wp\/v2\/posts\/236463\/revisions"}],"wp:featuredmedia":[{"embeddable":true,"href":"https:\/\/archive.sana.sy\/tr\/index.php?rest_route=\/wp\/v2\/media\/236464"}],"wp:attachment":[{"href":"https:\/\/archive.sana.sy\/tr\/index.php?rest_route=%2Fwp%2Fv2%2Fmedia&parent=236463"}],"wp:term":[{"taxonomy":"category","embeddable":true,"href":"https:\/\/archive.sana.sy\/tr\/index.php?rest_route=%2Fwp%2Fv2%2Fcategories&post=236463"},{"taxonomy":"post_tag","embeddable":true,"href":"https:\/\/archive.sana.sy\/tr\/index.php?rest_route=%2Fwp%2Fv2%2Ftags&post=236463"}],"curies":[{"name":"wp","href":"https:\/\/api.w.org\/{rel}","templated":true}]}}