{"id":236541,"date":"2021-06-02T17:11:32","date_gmt":"2021-06-02T14:11:32","guid":{"rendered":"http:\/\/107.6.182.27\/tr\/?p=236541"},"modified":"2021-06-03T09:14:38","modified_gmt":"2021-06-03T06:14:38","slug":"turk-isgalinden-destekli-cetelerinin-yayildigi-cerablus-kentinde-bombali-eylem","status":"publish","type":"post","link":"https:\/\/archive.sana.sy\/tr\/?p=236541","title":{"rendered":"T\u00fcrk \u0130\u015fgalinden Destekli \u00c7etelerinin Yay\u0131ld\u0131\u011f\u0131 Cerablus Kentinde Bomba D\u00fczene\u011fi Patlad\u0131"},"content":{"rendered":"<p>HALEP \u2013 Halep k\u0131rsal\u0131n\u0131n kuzeyinde yer alan Cerablus Kentinde bomba d\u00fczene\u011fi patlamas\u0131 sonucu birka\u00e7 sivil yaraland\u0131.<\/p>\n<p>Yerel kaynaklar SANA muhabirine; T\u00fcrk i\u015fgalinden destekli ter\u00f6r \u00f6rg\u00fctlerinden olu\u015fan \u00e7etelerinin yay\u0131ld\u0131klar\u0131 Cerablus Kentinde bomba d\u00fczene\u011fi patlamas\u0131n\u0131n yer ald\u0131\u011f\u0131n\u0131 ve bunun sonucunda birka\u00e7 sivilin yaral\u0131 d\u00fc\u015ft\u00fc\u011f\u00fcn\u00fc beirtti.<\/p>\n<p>Kaynaklar, patlama sonucunda olay yerindeki ma\u011faza ve evlerde maddi hasarlara yol a\u00e7\u0131ld\u011f\u0131na da i\u015faret etti.<\/p>\n<p>P.M.<\/p>\n","protected":false},"excerpt":{"rendered":"<p>HALEP \u2013 Halep k\u0131rsal\u0131n\u0131n kuzeyinde yer alan Cerablus Kentinde bomba d\u00fczene\u011fi patlamas\u0131 sonucu birka\u00e7 sivil yaraland\u0131. Yerel kaynaklar SANA muhabirine; T\u00fcrk i\u015fgalinden destekli ter\u00f6r \u00f6rg\u00fctlerinden olu\u015fan \u00e7etelerinin yay\u0131ld\u0131klar\u0131 Cerablus Kentinde bomba d\u00fczene\u011fi patlamas\u0131n\u0131n yer ald\u0131\u011f\u0131n\u0131 ve bunun sonucunda birka\u00e7 sivilin yaral\u0131 d\u00fc\u015ft\u00fc\u011f\u00fcn\u00fc beirtti. Kaynaklar, patlama sonucunda olay yerindeki ma\u011faza ve evlerde maddi hasarlara yol a\u00e7\u0131ld\u011f\u0131na &hellip;<\/p>\n","protected":false},"author":1,"featured_media":236555,"comment_status":"closed","ping_status":"closed","sticky":false,"template":"","format":"standard","meta":{"footnotes":""},"categories":[479,575,17988,478],"tags":[],"class_list":["post-236541","post","type-post","status-publish","format-standard","has-post-thumbnail","","category-haberler-yerel","category-olaylar-ve-gercekler","category-son-haberler","category-yerel"],"_links":{"self":[{"href":"https:\/\/archive.sana.sy\/tr\/index.php?rest_route=\/wp\/v2\/posts\/236541","targetHints":{"allow":["GET"]}}],"collection":[{"href":"https:\/\/archive.sana.sy\/tr\/index.php?rest_route=\/wp\/v2\/posts"}],"about":[{"href":"https:\/\/archive.sana.sy\/tr\/index.php?rest_route=\/wp\/v2\/types\/post"}],"author":[{"embeddable":true,"href":"https:\/\/archive.sana.sy\/tr\/index.php?rest_route=\/wp\/v2\/users\/1"}],"replies":[{"embeddable":true,"href":"https:\/\/archive.sana.sy\/tr\/index.php?rest_route=%2Fwp%2Fv2%2Fcomments&post=236541"}],"version-history":[{"count":0,"href":"https:\/\/archive.sana.sy\/tr\/index.php?rest_route=\/wp\/v2\/posts\/236541\/revisions"}],"wp:featuredmedia":[{"embeddable":true,"href":"https:\/\/archive.sana.sy\/tr\/index.php?rest_route=\/wp\/v2\/media\/236555"}],"wp:attachment":[{"href":"https:\/\/archive.sana.sy\/tr\/index.php?rest_route=%2Fwp%2Fv2%2Fmedia&parent=236541"}],"wp:term":[{"taxonomy":"category","embeddable":true,"href":"https:\/\/archive.sana.sy\/tr\/index.php?rest_route=%2Fwp%2Fv2%2Fcategories&post=236541"},{"taxonomy":"post_tag","embeddable":true,"href":"https:\/\/archive.sana.sy\/tr\/index.php?rest_route=%2Fwp%2Fv2%2Ftags&post=236541"}],"curies":[{"name":"wp","href":"https:\/\/api.w.org\/{rel}","templated":true}]}}