{"id":236654,"date":"2021-06-03T18:17:44","date_gmt":"2021-06-03T15:17:44","guid":{"rendered":"http:\/\/107.6.182.27\/tr\/?p=236654"},"modified":"2021-06-04T08:48:41","modified_gmt":"2021-06-04T05:48:41","slug":"rusya-abdnin-suriyedeki-askeri-varligi-yasa-disidir","status":"publish","type":"post","link":"https:\/\/archive.sana.sy\/tr\/?p=236654","title":{"rendered":"Rusya: ABD&#8217;nin Suriye&#8217;deki Askeri Varl\u0131\u011f\u0131 Yasa D\u0131\u015f\u0131d\u0131r"},"content":{"rendered":"<p>MOSKOVA \u2013 Rusya, Amerika Birle\u015fik Devletleri&#8217;nin Suriye topraklar\u0131ndaki askeri varl\u0131\u011f\u0131n\u0131n yasad\u0131\u015f\u0131 oldu\u011funu yineledi.<\/p>\n<p>Rusya D\u0131\u015fi\u015fleri Bakanl\u0131\u011f\u0131 S\u00f6zc\u00fcs\u00fc Maria Zaharova, Russia Today kanal\u0131na yapt\u0131\u011f\u0131 a\u00e7\u0131klamada, ABD&#8217;nin Suriye&#8217;deki askeri varl\u0131\u011f\u0131n\u0131n hukuka ayk\u0131r\u0131 oldu\u011funu ve Amerikal\u0131lar\u0131n her zaman ger\u00e7ek\u00e7i olmayan konulara sar\u0131ld\u0131\u011f\u0131n\u0131 ve y\u00f6netimlerini de\u011fi\u015ftirdikten sonra yakla\u015f\u0131mlar\u0131n\u0131 k\u00f6kten de\u011fi\u015ftirdiklerini a\u00e7\u0131klad\u0131. Bu ba\u011flamda Zaharova, \u0130ran n\u00fckleer anla\u015fmas\u0131yla ilgili ya\u015fananlar\u0131n, Washington&#8217;un sorumsuz yakla\u015f\u0131m\u0131n\u0131n en belirgin \u00f6rne\u011fi oldu\u011funu d\u00fc\u015f\u00fcnd\u00fc.<\/p>\n<p>Zaharova, Moskova&#8217;n\u0131n uluslararas\u0131 meselelere net bir yakla\u015f\u0131m izledi\u011fini ve ABD&#8217;nin taahh\u00fctlerinden ka\u00e7ma konusunda yapt\u0131\u011f\u0131n\u0131n aksine, t\u00fcm ad\u0131mlar\u0131nda uluslararas\u0131 hukuka, Birle\u015fmi\u015f Milletler ve G\u00fcvenlik Konseyi kararlar\u0131na sayg\u0131 duydu\u011funu belirtti.<\/p>\n<p>P.M.<\/p>\n","protected":false},"excerpt":{"rendered":"<p>MOSKOVA \u2013 Rusya, Amerika Birle\u015fik Devletleri&#8217;nin Suriye topraklar\u0131ndaki askeri varl\u0131\u011f\u0131n\u0131n yasad\u0131\u015f\u0131 oldu\u011funu yineledi. Rusya D\u0131\u015fi\u015fleri Bakanl\u0131\u011f\u0131 S\u00f6zc\u00fcs\u00fc Maria Zaharova, Russia Today kanal\u0131na yapt\u0131\u011f\u0131 a\u00e7\u0131klamada, ABD&#8217;nin Suriye&#8217;deki askeri varl\u0131\u011f\u0131n\u0131n hukuka ayk\u0131r\u0131 oldu\u011funu ve Amerikal\u0131lar\u0131n her zaman ger\u00e7ek\u00e7i olmayan konulara sar\u0131ld\u0131\u011f\u0131n\u0131 ve y\u00f6netimlerini de\u011fi\u015ftirdikten sonra yakla\u015f\u0131mlar\u0131n\u0131 k\u00f6kten de\u011fi\u015ftirdiklerini a\u00e7\u0131klad\u0131. Bu ba\u011flamda Zaharova, \u0130ran n\u00fckleer anla\u015fmas\u0131yla ilgili ya\u015fananlar\u0131n, &hellip;<\/p>\n","protected":false},"author":1,"featured_media":236656,"comment_status":"closed","ping_status":"closed","sticky":false,"template":"","format":"standard","meta":{"footnotes":""},"categories":[458,459,17988],"tags":[],"class_list":["post-236654","post","type-post","status-publish","format-standard","has-post-thumbnail","","category-dunya1","category-haberler-arap-uluslararasi-politika","category-son-haberler"],"_links":{"self":[{"href":"https:\/\/archive.sana.sy\/tr\/index.php?rest_route=\/wp\/v2\/posts\/236654","targetHints":{"allow":["GET"]}}],"collection":[{"href":"https:\/\/archive.sana.sy\/tr\/index.php?rest_route=\/wp\/v2\/posts"}],"about":[{"href":"https:\/\/archive.sana.sy\/tr\/index.php?rest_route=\/wp\/v2\/types\/post"}],"author":[{"embeddable":true,"href":"https:\/\/archive.sana.sy\/tr\/index.php?rest_route=\/wp\/v2\/users\/1"}],"replies":[{"embeddable":true,"href":"https:\/\/archive.sana.sy\/tr\/index.php?rest_route=%2Fwp%2Fv2%2Fcomments&post=236654"}],"version-history":[{"count":0,"href":"https:\/\/archive.sana.sy\/tr\/index.php?rest_route=\/wp\/v2\/posts\/236654\/revisions"}],"wp:featuredmedia":[{"embeddable":true,"href":"https:\/\/archive.sana.sy\/tr\/index.php?rest_route=\/wp\/v2\/media\/236656"}],"wp:attachment":[{"href":"https:\/\/archive.sana.sy\/tr\/index.php?rest_route=%2Fwp%2Fv2%2Fmedia&parent=236654"}],"wp:term":[{"taxonomy":"category","embeddable":true,"href":"https:\/\/archive.sana.sy\/tr\/index.php?rest_route=%2Fwp%2Fv2%2Fcategories&post=236654"},{"taxonomy":"post_tag","embeddable":true,"href":"https:\/\/archive.sana.sy\/tr\/index.php?rest_route=%2Fwp%2Fv2%2Ftags&post=236654"}],"curies":[{"name":"wp","href":"https:\/\/api.w.org\/{rel}","templated":true}]}}