{"id":236948,"date":"2021-06-07T13:36:35","date_gmt":"2021-06-07T10:36:35","guid":{"rendered":"http:\/\/107.6.182.27\/tr\/?p=236948"},"modified":"2021-06-08T16:19:09","modified_gmt":"2021-06-08T13:19:09","slug":"el-meyadin-bolgesinin-asiretleri-cumhurbaskanligi-secimlerinin-basariyla-yapilmasini-ve-dr-bessar-el-esadin-kazanmasini-kutaldi","status":"publish","type":"post","link":"https:\/\/archive.sana.sy\/tr\/?p=236948","title":{"rendered":"El Meyadin B\u00f6lgesinin A\u015firetleri Cumhurba\u015fkanl\u0131\u011f\u0131 Se\u00e7imlerinin Ba\u015far\u0131yla Yap\u0131lmas\u0131n\u0131 ve Dr.Be\u015f\u015far el Esad&#8217;\u0131n Kazanmas\u0131n\u0131 Kutald\u0131"},"content":{"rendered":"<p>DEYREZZOR \u2013 Deyrezzor k\u0131rsal\u0131n\u0131n do\u011fusundaki el Meyadin B\u00f6lgesinin a\u015firetleri, cumhurba\u015fkanl\u0131\u011f\u0131 se\u00e7imleri anayasal prosed\u00fcr\u00fcn ba\u015far\u0131yla yap\u0131lmas\u0131 ve se\u00e7imlerde Dr.Be\u015f\u015far el Esad\u2019\u0131n kazanmas\u0131 vesilesiyle \u00e7e\u015fitli etkinliklerin bulundu\u011fu kutlama faaliyeti d\u00fczenledi.<\/p>\n<p>D\u00fcn ak\u015fam ger\u00e7ekle\u015ftirilen etkinli\u011fe kat\u0131lanlar, Dabke danslar\u0131 ederek, vatan sevgisini ifade eden sloganlar atarken, sevin\u00e7 havas\u0131nda ulusal bayraklar ve Ba\u015fkan el Esad&#8217;\u0131n resimleri ta\u015f\u0131d\u0131lar.<\/p>\n<p>Kat\u0131l\u0131mc\u0131lar, a\u015firet mensuplar\u0131n\u0131n ulusal sabitlere ve Suriye topraklar\u0131n\u0131n birlik ve b\u00fct\u00fcnl\u00fc\u011f\u00fcne ba\u011fl\u0131l\u0131\u011f\u0131n\u0131 teyit ederek, t\u00fcm Suriye topraklar\u0131n\u0131n ter\u00f6rizmden kurtar\u0131lmas\u0131na ve el Cezire B\u00f6lgesinden Amerikal\u0131 i\u015fgalci ile ajanlar\u0131n\u0131n s\u0131n\u0131r d\u0131\u015f\u0131 edilmesine olan g\u00fcvenlerini yinelediler.<\/p>\n<p>Kat\u0131l\u0131mc\u0131lar, Dr. Be\u015f\u015far el Esad&#8217;\u0131n cumhurba\u015fkanl\u0131\u011f\u0131 se\u00e7imlerini kazanmas\u0131n\u0131n Suriye&#8217;ye g\u00fcvenlik ve istikrar\u0131n geri d\u00f6nd\u00fc\u011f\u00fcn\u00fc teyit eden bir kan\u0131t oldu\u011funa i\u015faret etti.<\/p>\n<p>P.M.<\/p>\n<div id='gallery-1' class='gallery galleryid-236948 gallery-columns-1 gallery-size-full'><figure class='gallery-item'>\n\t\t\t<div class='gallery-icon landscape'>\n\t\t\t\t<a href='https:\/\/archive.sana.sy\/tr\/wp-content\/uploads\/2021\/06\/photo_2021-06-07_12-00-59-scaled.jpg'><img loading=\"lazy\" decoding=\"async\" width=\"2560\" height=\"1441\" src=\"https:\/\/archive.sana.sy\/tr\/wp-content\/uploads\/2021\/06\/photo_2021-06-07_12-00-59-scaled.jpg\" class=\"attachment-full size-full\" alt=\"\" srcset=\"https:\/\/archive.sana.sy\/tr\/wp-content\/uploads\/2021\/06\/photo_2021-06-07_12-00-59-scaled.jpg 2560w, https:\/\/archive.sana.sy\/tr\/wp-content\/uploads\/2021\/06\/photo_2021-06-07_12-00-59-300x169.jpg 300w, https:\/\/archive.sana.sy\/tr\/wp-content\/uploads\/2021\/06\/photo_2021-06-07_12-00-59-1024x576.jpg 1024w, https:\/\/archive.sana.sy\/tr\/wp-content\/uploads\/2021\/06\/photo_2021-06-07_12-00-59-150x84.jpg 150w, https:\/\/archive.sana.sy\/tr\/wp-content\/uploads\/2021\/06\/photo_2021-06-07_12-00-59-768x432.jpg 768w, https:\/\/archive.sana.sy\/tr\/wp-content\/uploads\/2021\/06\/photo_2021-06-07_12-00-59-1536x864.jpg 1536w, https:\/\/archive.sana.sy\/tr\/wp-content\/uploads\/2021\/06\/photo_2021-06-07_12-00-59-2048x1153.jpg 2048w\" sizes=\"auto, (max-width: 2560px) 100vw, 2560px\" \/><\/a>\n\t\t\t<\/div><\/figure><figure class='gallery-item'>\n\t\t\t<div class='gallery-icon landscape'>\n\t\t\t\t<a href='https:\/\/archive.sana.sy\/tr\/wp-content\/uploads\/2021\/06\/photo_2021-06-07_12-01-33-scaled.jpg'><img loading=\"lazy\" decoding=\"async\" width=\"2560\" height=\"1440\" src=\"https:\/\/archive.sana.sy\/tr\/wp-content\/uploads\/2021\/06\/photo_2021-06-07_12-01-33-scaled.jpg\" class=\"attachment-full size-full\" alt=\"\" srcset=\"https:\/\/archive.sana.sy\/tr\/wp-content\/uploads\/2021\/06\/photo_2021-06-07_12-01-33-scaled.jpg 2560w, https:\/\/archive.sana.sy\/tr\/wp-content\/uploads\/2021\/06\/photo_2021-06-07_12-01-33-300x169.jpg 300w, https:\/\/archive.sana.sy\/tr\/wp-content\/uploads\/2021\/06\/photo_2021-06-07_12-01-33-1024x576.jpg 1024w, https:\/\/archive.sana.sy\/tr\/wp-content\/uploads\/2021\/06\/photo_2021-06-07_12-01-33-150x84.jpg 150w, https:\/\/archive.sana.sy\/tr\/wp-content\/uploads\/2021\/06\/photo_2021-06-07_12-01-33-768x432.jpg 768w, https:\/\/archive.sana.sy\/tr\/wp-content\/uploads\/2021\/06\/photo_2021-06-07_12-01-33-1536x864.jpg 1536w, https:\/\/archive.sana.sy\/tr\/wp-content\/uploads\/2021\/06\/photo_2021-06-07_12-01-33-2048x1152.jpg 2048w\" sizes=\"auto, (max-width: 2560px) 100vw, 2560px\" \/><\/a>\n\t\t\t<\/div><\/figure><figure class='gallery-item'>\n\t\t\t<div class='gallery-icon landscape'>\n\t\t\t\t<a href='https:\/\/archive.sana.sy\/tr\/wp-content\/uploads\/2021\/06\/photo_2021-06-07_12-01-37-scaled.jpg'><img loading=\"lazy\" decoding=\"async\" width=\"2560\" height=\"1447\" src=\"https:\/\/archive.sana.sy\/tr\/wp-content\/uploads\/2021\/06\/photo_2021-06-07_12-01-37-scaled.jpg\" class=\"attachment-full size-full\" alt=\"\" srcset=\"https:\/\/archive.sana.sy\/tr\/wp-content\/uploads\/2021\/06\/photo_2021-06-07_12-01-37-scaled.jpg 2560w, https:\/\/archive.sana.sy\/tr\/wp-content\/uploads\/2021\/06\/photo_2021-06-07_12-01-37-300x170.jpg 300w, https:\/\/archive.sana.sy\/tr\/wp-content\/uploads\/2021\/06\/photo_2021-06-07_12-01-37-1024x579.jpg 1024w, https:\/\/archive.sana.sy\/tr\/wp-content\/uploads\/2021\/06\/photo_2021-06-07_12-01-37-150x85.jpg 150w, https:\/\/archive.sana.sy\/tr\/wp-content\/uploads\/2021\/06\/photo_2021-06-07_12-01-37-768x434.jpg 768w, https:\/\/archive.sana.sy\/tr\/wp-content\/uploads\/2021\/06\/photo_2021-06-07_12-01-37-1536x868.jpg 1536w, https:\/\/archive.sana.sy\/tr\/wp-content\/uploads\/2021\/06\/photo_2021-06-07_12-01-37-2048x1158.jpg 2048w\" sizes=\"auto, (max-width: 2560px) 100vw, 2560px\" \/><\/a>\n\t\t\t<\/div><\/figure>\n\t\t<\/div>\n\n","protected":false},"excerpt":{"rendered":"<p>DEYREZZOR \u2013 Deyrezzor k\u0131rsal\u0131n\u0131n do\u011fusundaki el Meyadin B\u00f6lgesinin a\u015firetleri, cumhurba\u015fkanl\u0131\u011f\u0131 se\u00e7imleri anayasal prosed\u00fcr\u00fcn ba\u015far\u0131yla yap\u0131lmas\u0131 ve se\u00e7imlerde Dr.Be\u015f\u015far el Esad\u2019\u0131n kazanmas\u0131 vesilesiyle \u00e7e\u015fitli etkinliklerin bulundu\u011fu kutlama faaliyeti d\u00fczenledi. D\u00fcn ak\u015fam ger\u00e7ekle\u015ftirilen etkinli\u011fe kat\u0131lanlar, Dabke danslar\u0131 ederek, vatan sevgisini ifade eden sloganlar atarken, sevin\u00e7 havas\u0131nda ulusal bayraklar ve Ba\u015fkan el Esad&#8217;\u0131n resimleri ta\u015f\u0131d\u0131lar. Kat\u0131l\u0131mc\u0131lar, a\u015firet mensuplar\u0131n\u0131n &hellip;<\/p>\n","protected":false},"author":1,"featured_media":236950,"comment_status":"closed","ping_status":"closed","sticky":false,"template":"","format":"standard","meta":{"footnotes":""},"categories":[479,17988,478],"tags":[],"class_list":["post-236948","post","type-post","status-publish","format-standard","has-post-thumbnail","","category-haberler-yerel","category-son-haberler","category-yerel"],"_links":{"self":[{"href":"https:\/\/archive.sana.sy\/tr\/index.php?rest_route=\/wp\/v2\/posts\/236948","targetHints":{"allow":["GET"]}}],"collection":[{"href":"https:\/\/archive.sana.sy\/tr\/index.php?rest_route=\/wp\/v2\/posts"}],"about":[{"href":"https:\/\/archive.sana.sy\/tr\/index.php?rest_route=\/wp\/v2\/types\/post"}],"author":[{"embeddable":true,"href":"https:\/\/archive.sana.sy\/tr\/index.php?rest_route=\/wp\/v2\/users\/1"}],"replies":[{"embeddable":true,"href":"https:\/\/archive.sana.sy\/tr\/index.php?rest_route=%2Fwp%2Fv2%2Fcomments&post=236948"}],"version-history":[{"count":0,"href":"https:\/\/archive.sana.sy\/tr\/index.php?rest_route=\/wp\/v2\/posts\/236948\/revisions"}],"wp:featuredmedia":[{"embeddable":true,"href":"https:\/\/archive.sana.sy\/tr\/index.php?rest_route=\/wp\/v2\/media\/236950"}],"wp:attachment":[{"href":"https:\/\/archive.sana.sy\/tr\/index.php?rest_route=%2Fwp%2Fv2%2Fmedia&parent=236948"}],"wp:term":[{"taxonomy":"category","embeddable":true,"href":"https:\/\/archive.sana.sy\/tr\/index.php?rest_route=%2Fwp%2Fv2%2Fcategories&post=236948"},{"taxonomy":"post_tag","embeddable":true,"href":"https:\/\/archive.sana.sy\/tr\/index.php?rest_route=%2Fwp%2Fv2%2Ftags&post=236948"}],"curies":[{"name":"wp","href":"https:\/\/api.w.org\/{rel}","templated":true}]}}