{"id":236949,"date":"2021-06-07T12:20:25","date_gmt":"2021-06-07T09:20:25","guid":{"rendered":"http:\/\/107.6.182.27\/tr\/?p=236949"},"modified":"2021-06-08T16:19:07","modified_gmt":"2021-06-08T13:19:07","slug":"turk-isgali-ve-cetelerinin-bombardimaninda-halep-kirsalinin-kuzeyindeki-bazi-araziler-yakildi","status":"publish","type":"post","link":"https:\/\/archive.sana.sy\/tr\/?p=236949","title":{"rendered":"T\u00fcrk \u0130\u015fgali ve \u00c7etelerinin Bombard\u0131man\u0131nda Halep K\u0131rsal\u0131n\u0131n Kuzeyindeki Baz\u0131 Araziler Yak\u0131ld\u0131"},"content":{"rendered":"<p>HALEP \u2013 Halep&#8217;in kuzey k\u0131rsal\u0131ndaki baz\u0131 k\u00f6ylerin yak\u0131nlar\u0131na T\u00fcrk i\u015fgal g\u00fc\u00e7leri ve ter\u00f6rist \u00f6rg\u00fctlerden olu\u015fan \u00e7etelerinin top ve roket at\u0131\u015flar\u0131 sonucu geni\u015f tar\u0131m arazileri yak\u0131ld\u0131.<\/p>\n<p>B\u00f6lge kaynaklar\u0131 SANA muhabirine, Tel R\u0131fat kenti yak\u0131nlar\u0131ndaki bu\u011fday ve arpa ekilen tarlalarda, T\u00fcrk i\u015fgal kuvvetleri ve \u00e7etelerinin kasten a\u011f\u0131r top\u00e7u ve roketatarl\u0131 bombalarla hedef al\u0131nmas\u0131 sonucu yang\u0131nlar\u0131n \u00e7\u0131kt\u0131\u011f\u0131n\u0131 bildirdi.<\/p>\n<p>Kaynaklar, T\u00fcrk i\u015fgali ve \u00e7etelerinin kuzey k\u0131rsal\u0131ndaki Afrin kenti yak\u0131nlar\u0131ndaki Mara&#8217;anaz ve Aklmiye k\u00f6ylerini de a\u011f\u0131r toplarla bombalad\u0131\u011f\u0131na dikkat \u00e7ekerken, bunun sonucunda, ekili arazilerin ve baz\u0131 ahalilerinin m\u00fclklerinin ve kamu hizmetlerinin yanmas\u0131na yol a\u00e7t\u0131\u011f\u0131n\u0131 belirtti.<\/p>\n<p>P.M.<\/p>\n","protected":false},"excerpt":{"rendered":"<p>HALEP \u2013 Halep&#8217;in kuzey k\u0131rsal\u0131ndaki baz\u0131 k\u00f6ylerin yak\u0131nlar\u0131na T\u00fcrk i\u015fgal g\u00fc\u00e7leri ve ter\u00f6rist \u00f6rg\u00fctlerden olu\u015fan \u00e7etelerinin top ve roket at\u0131\u015flar\u0131 sonucu geni\u015f tar\u0131m arazileri yak\u0131ld\u0131. B\u00f6lge kaynaklar\u0131 SANA muhabirine, Tel R\u0131fat kenti yak\u0131nlar\u0131ndaki bu\u011fday ve arpa ekilen tarlalarda, T\u00fcrk i\u015fgal kuvvetleri ve \u00e7etelerinin kasten a\u011f\u0131r top\u00e7u ve roketatarl\u0131 bombalarla hedef al\u0131nmas\u0131 sonucu yang\u0131nlar\u0131n \u00e7\u0131kt\u0131\u011f\u0131n\u0131 bildirdi. &hellip;<\/p>\n","protected":false},"author":1,"featured_media":236954,"comment_status":"closed","ping_status":"closed","sticky":false,"template":"","format":"standard","meta":{"footnotes":""},"categories":[479,575,17988,2554,2555,478],"tags":[],"class_list":["post-236949","post","type-post","status-publish","format-standard","has-post-thumbnail","","category-haberler-yerel","category-olaylar-ve-gercekler","category-son-haberler","category-suriye-ve-dunya","category-suriye-ve-turkiye","category-yerel"],"_links":{"self":[{"href":"https:\/\/archive.sana.sy\/tr\/index.php?rest_route=\/wp\/v2\/posts\/236949","targetHints":{"allow":["GET"]}}],"collection":[{"href":"https:\/\/archive.sana.sy\/tr\/index.php?rest_route=\/wp\/v2\/posts"}],"about":[{"href":"https:\/\/archive.sana.sy\/tr\/index.php?rest_route=\/wp\/v2\/types\/post"}],"author":[{"embeddable":true,"href":"https:\/\/archive.sana.sy\/tr\/index.php?rest_route=\/wp\/v2\/users\/1"}],"replies":[{"embeddable":true,"href":"https:\/\/archive.sana.sy\/tr\/index.php?rest_route=%2Fwp%2Fv2%2Fcomments&post=236949"}],"version-history":[{"count":0,"href":"https:\/\/archive.sana.sy\/tr\/index.php?rest_route=\/wp\/v2\/posts\/236949\/revisions"}],"wp:featuredmedia":[{"embeddable":true,"href":"https:\/\/archive.sana.sy\/tr\/index.php?rest_route=\/wp\/v2\/media\/236954"}],"wp:attachment":[{"href":"https:\/\/archive.sana.sy\/tr\/index.php?rest_route=%2Fwp%2Fv2%2Fmedia&parent=236949"}],"wp:term":[{"taxonomy":"category","embeddable":true,"href":"https:\/\/archive.sana.sy\/tr\/index.php?rest_route=%2Fwp%2Fv2%2Fcategories&post=236949"},{"taxonomy":"post_tag","embeddable":true,"href":"https:\/\/archive.sana.sy\/tr\/index.php?rest_route=%2Fwp%2Fv2%2Ftags&post=236949"}],"curies":[{"name":"wp","href":"https:\/\/api.w.org\/{rel}","templated":true}]}}